{"id":5381,"date":"2014-05-12T11:25:43","date_gmt":"2014-05-12T09:25:43","guid":{"rendered":"http:\/\/www.abbayesaintandre.com\/?p=5381"},"modified":"2023-04-27T09:39:03","modified_gmt":"2023-04-27T09:39:03","slug":"new-label","status":"publish","type":"post","link":"https:\/\/www.abbayesaintandre.com\/?p=5381","title":{"rendered":"New label \u00ab\u00a0Jardin remarquable\u00a0\u00bb"},"content":{"rendered":"<p>Since 2014 March 10th, the Gardens of the abbey of Saint-Andr\u00e9 is part of the 300 accredited gardens in France and is the 12th site to receive this award in Languedoc-Roussillon.<\/p>\n<p>&nbsp;<\/p>\n<p><a href=\"http:\/\/www.culturecommunication.gouv.fr\/Aides-et-demarches\/Protections-labels-et-appellations\/Le-label-Jardin-remarquable\" target=\"_blank\" rel=\"noopener\">View more &#8230;<\/a><\/p>\n","protected":false},"excerpt":{"rendered":"<p>Since 2014 March 10th, the Gardens of the abbey of Saint-Andr\u00e9 is part of the 300 accredited gardens in France and is the 12th site to receive this award in Languedoc-Roussillon. &nbsp; View more &#8230;<\/p>\n","protected":false},"author":1,"featured_media":5404,"comment_status":"open","ping_status":"open","sticky":false,"template":"","format":"standard","meta":{"footnotes":""},"categories":[7],"tags":[],"class_list":["post-5381","post","type-post","status-publish","format-standard","has-post-thumbnail","hentry","category-partners"],"yoast_head":"<!-- This site is optimized with the Yoast SEO plugin v27.0 - https:\/\/yoast.com\/product\/yoast-seo-wordpress\/ -->\n<title>New label &quot;Jardin remarquable&quot; - Abbaye Saint-Andr\u00e9 - Villeneuve-lez-Avignon<\/title>\n<meta name=\"robots\" content=\"index, follow, max-snippet:-1, max-image-preview:large, max-video-preview:-1\" \/>\n<link rel=\"canonical\" href=\"https:\/\/www.abbayesaintandre.com\/?p=5381\" \/>\n<meta property=\"og:locale\" content=\"fr_FR\" \/>\n<meta property=\"og:type\" content=\"article\" \/>\n<meta property=\"og:title\" content=\"New label &quot;Jardin remarquable&quot; - Abbaye Saint-Andr\u00e9 - Villeneuve-lez-Avignon\" \/>\n<meta property=\"og:description\" content=\"Since 2014 March 10th, the Gardens of the abbey of Saint-Andr\u00e9 is part of the 300 accredited gardens in France and is the 12th site to receive this award in Languedoc-Roussillon. &nbsp; View more &#8230;\" \/>\n<meta property=\"og:url\" content=\"https:\/\/www.abbayesaintandre.com\/?p=5381\" \/>\n<meta property=\"og:site_name\" content=\"Abbaye Saint-Andr\u00e9 - Villeneuve-lez-Avignon\" \/>\n<meta property=\"article:published_time\" content=\"2014-05-12T09:25:43+00:00\" \/>\n<meta property=\"article:modified_time\" content=\"2023-04-27T09:39:03+00:00\" \/>\n<meta property=\"og:image\" content=\"https:\/\/www.abbayesaintandre.com\/wp-content\/uploads\/2014\/05\/Logo-Jardin-Remarquable_9.jpg\" \/>\n\t<meta property=\"og:image:width\" content=\"942\" \/>\n\t<meta property=\"og:image:height\" content=\"880\" \/>\n\t<meta property=\"og:image:type\" content=\"image\/jpeg\" \/>\n<meta name=\"author\" content=\"D.HERSON\" \/>\n<meta name=\"twitter:card\" content=\"summary_large_image\" \/>\n<meta name=\"twitter:label1\" content=\"\u00c9crit par\" \/>\n\t<meta name=\"twitter:data1\" content=\"D.HERSON\" \/>\n\t<meta name=\"twitter:label2\" content=\"Dur\u00e9e de lecture estim\u00e9e\" \/>\n\t<meta name=\"twitter:data2\" content=\"1 minute\" \/>\n<script type=\"application\/ld+json\" class=\"yoast-schema-graph\">{\"@context\":\"https:\/\/schema.org\",\"@graph\":[{\"@type\":\"Article\",\"@id\":\"https:\/\/www.abbayesaintandre.com\/?p=5381#article\",\"isPartOf\":{\"@id\":\"https:\/\/www.abbayesaintandre.com\/?p=5381\"},\"author\":{\"name\":\"D.HERSON\",\"@id\":\"https:\/\/www.abbayesaintandre.com\/#\/schema\/person\/dd6473cdad057336c2589e0f5b4e4d59\"},\"headline\":\"New label \u00ab\u00a0Jardin remarquable\u00a0\u00bb\",\"datePublished\":\"2014-05-12T09:25:43+00:00\",\"dateModified\":\"2023-04-27T09:39:03+00:00\",\"mainEntityOfPage\":{\"@id\":\"https:\/\/www.abbayesaintandre.com\/?p=5381\"},\"wordCount\":36,\"commentCount\":0,\"image\":{\"@id\":\"https:\/\/www.abbayesaintandre.com\/?p=5381#primaryimage\"},\"thumbnailUrl\":\"https:\/\/www.abbayesaintandre.com\/wp-content\/uploads\/2014\/05\/Logo-Jardin-Remarquable_9.jpg\",\"articleSection\":[\"Partners\"],\"inLanguage\":\"fr-FR\",\"potentialAction\":[{\"@type\":\"CommentAction\",\"name\":\"Comment\",\"target\":[\"https:\/\/www.abbayesaintandre.com\/?p=5381#respond\"]}]},{\"@type\":\"WebPage\",\"@id\":\"https:\/\/www.abbayesaintandre.com\/?p=5381\",\"url\":\"https:\/\/www.abbayesaintandre.com\/?p=5381\",\"name\":\"New label \\\"Jardin remarquable\\\" - Abbaye Saint-Andr\u00e9 - Villeneuve-lez-Avignon\",\"isPartOf\":{\"@id\":\"https:\/\/www.abbayesaintandre.com\/#website\"},\"primaryImageOfPage\":{\"@id\":\"https:\/\/www.abbayesaintandre.com\/?p=5381#primaryimage\"},\"image\":{\"@id\":\"https:\/\/www.abbayesaintandre.com\/?p=5381#primaryimage\"},\"thumbnailUrl\":\"https:\/\/www.abbayesaintandre.com\/wp-content\/uploads\/2014\/05\/Logo-Jardin-Remarquable_9.jpg\",\"datePublished\":\"2014-05-12T09:25:43+00:00\",\"dateModified\":\"2023-04-27T09:39:03+00:00\",\"author\":{\"@id\":\"https:\/\/www.abbayesaintandre.com\/#\/schema\/person\/dd6473cdad057336c2589e0f5b4e4d59\"},\"breadcrumb\":{\"@id\":\"https:\/\/www.abbayesaintandre.com\/?p=5381#breadcrumb\"},\"inLanguage\":\"fr-FR\",\"potentialAction\":[{\"@type\":\"ReadAction\",\"target\":[\"https:\/\/www.abbayesaintandre.com\/?p=5381\"]}]},{\"@type\":\"ImageObject\",\"inLanguage\":\"fr-FR\",\"@id\":\"https:\/\/www.abbayesaintandre.com\/?p=5381#primaryimage\",\"url\":\"https:\/\/www.abbayesaintandre.com\/wp-content\/uploads\/2014\/05\/Logo-Jardin-Remarquable_9.jpg\",\"contentUrl\":\"https:\/\/www.abbayesaintandre.com\/wp-content\/uploads\/2014\/05\/Logo-Jardin-Remarquable_9.jpg\",\"width\":942,\"height\":880},{\"@type\":\"BreadcrumbList\",\"@id\":\"https:\/\/www.abbayesaintandre.com\/?p=5381#breadcrumb\",\"itemListElement\":[{\"@type\":\"ListItem\",\"position\":1,\"name\":\"Home\",\"item\":\"https:\/\/www.abbayesaintandre.com\/\"},{\"@type\":\"ListItem\",\"position\":2,\"name\":\"New label \u00ab\u00a0Jardin remarquable\u00a0\u00bb\"}]},{\"@type\":\"WebSite\",\"@id\":\"https:\/\/www.abbayesaintandre.com\/#website\",\"url\":\"https:\/\/www.abbayesaintandre.com\/\",\"name\":\"Abbaye Saint-Andr\u00e9 - Villeneuve-lez-Avignon\",\"description\":\"Jardin remarquable &amp; abbey in south of France\",\"potentialAction\":[{\"@type\":\"SearchAction\",\"target\":{\"@type\":\"EntryPoint\",\"urlTemplate\":\"https:\/\/www.abbayesaintandre.com\/?s={search_term_string}\"},\"query-input\":{\"@type\":\"PropertyValueSpecification\",\"valueRequired\":true,\"valueName\":\"search_term_string\"}}],\"inLanguage\":\"fr-FR\"},{\"@type\":\"Person\",\"@id\":\"https:\/\/www.abbayesaintandre.com\/#\/schema\/person\/dd6473cdad057336c2589e0f5b4e4d59\",\"name\":\"D.HERSON\",\"image\":{\"@type\":\"ImageObject\",\"inLanguage\":\"fr-FR\",\"@id\":\"https:\/\/www.abbayesaintandre.com\/#\/schema\/person\/image\/\",\"url\":\"https:\/\/secure.gravatar.com\/avatar\/15110318ae22639ac9b835d203602111e448ba2fb7cb944d19151d489bb53281?s=96&d=mm&r=g\",\"contentUrl\":\"https:\/\/secure.gravatar.com\/avatar\/15110318ae22639ac9b835d203602111e448ba2fb7cb944d19151d489bb53281?s=96&d=mm&r=g\",\"caption\":\"D.HERSON\"},\"url\":\"https:\/\/www.abbayesaintandre.com\/?author=1\"}]}<\/script>\n<!-- \/ Yoast SEO plugin. -->","yoast_head_json":{"title":"New label \"Jardin remarquable\" - Abbaye Saint-Andr\u00e9 - Villeneuve-lez-Avignon","robots":{"index":"index","follow":"follow","max-snippet":"max-snippet:-1","max-image-preview":"max-image-preview:large","max-video-preview":"max-video-preview:-1"},"canonical":"https:\/\/www.abbayesaintandre.com\/?p=5381","og_locale":"fr_FR","og_type":"article","og_title":"New label \"Jardin remarquable\" - Abbaye Saint-Andr\u00e9 - Villeneuve-lez-Avignon","og_description":"Since 2014 March 10th, the Gardens of the abbey of Saint-Andr\u00e9 is part of the 300 accredited gardens in France and is the 12th site to receive this award in Languedoc-Roussillon. &nbsp; View more &#8230;","og_url":"https:\/\/www.abbayesaintandre.com\/?p=5381","og_site_name":"Abbaye Saint-Andr\u00e9 - Villeneuve-lez-Avignon","article_published_time":"2014-05-12T09:25:43+00:00","article_modified_time":"2023-04-27T09:39:03+00:00","og_image":[{"width":942,"height":880,"url":"https:\/\/www.abbayesaintandre.com\/wp-content\/uploads\/2014\/05\/Logo-Jardin-Remarquable_9.jpg","type":"image\/jpeg"}],"author":"D.HERSON","twitter_card":"summary_large_image","twitter_misc":{"\u00c9crit par":"D.HERSON","Dur\u00e9e de lecture estim\u00e9e":"1 minute"},"schema":{"@context":"https:\/\/schema.org","@graph":[{"@type":"Article","@id":"https:\/\/www.abbayesaintandre.com\/?p=5381#article","isPartOf":{"@id":"https:\/\/www.abbayesaintandre.com\/?p=5381"},"author":{"name":"D.HERSON","@id":"https:\/\/www.abbayesaintandre.com\/#\/schema\/person\/dd6473cdad057336c2589e0f5b4e4d59"},"headline":"New label \u00ab\u00a0Jardin remarquable\u00a0\u00bb","datePublished":"2014-05-12T09:25:43+00:00","dateModified":"2023-04-27T09:39:03+00:00","mainEntityOfPage":{"@id":"https:\/\/www.abbayesaintandre.com\/?p=5381"},"wordCount":36,"commentCount":0,"image":{"@id":"https:\/\/www.abbayesaintandre.com\/?p=5381#primaryimage"},"thumbnailUrl":"https:\/\/www.abbayesaintandre.com\/wp-content\/uploads\/2014\/05\/Logo-Jardin-Remarquable_9.jpg","articleSection":["Partners"],"inLanguage":"fr-FR","potentialAction":[{"@type":"CommentAction","name":"Comment","target":["https:\/\/www.abbayesaintandre.com\/?p=5381#respond"]}]},{"@type":"WebPage","@id":"https:\/\/www.abbayesaintandre.com\/?p=5381","url":"https:\/\/www.abbayesaintandre.com\/?p=5381","name":"New label \"Jardin remarquable\" - Abbaye Saint-Andr\u00e9 - Villeneuve-lez-Avignon","isPartOf":{"@id":"https:\/\/www.abbayesaintandre.com\/#website"},"primaryImageOfPage":{"@id":"https:\/\/www.abbayesaintandre.com\/?p=5381#primaryimage"},"image":{"@id":"https:\/\/www.abbayesaintandre.com\/?p=5381#primaryimage"},"thumbnailUrl":"https:\/\/www.abbayesaintandre.com\/wp-content\/uploads\/2014\/05\/Logo-Jardin-Remarquable_9.jpg","datePublished":"2014-05-12T09:25:43+00:00","dateModified":"2023-04-27T09:39:03+00:00","author":{"@id":"https:\/\/www.abbayesaintandre.com\/#\/schema\/person\/dd6473cdad057336c2589e0f5b4e4d59"},"breadcrumb":{"@id":"https:\/\/www.abbayesaintandre.com\/?p=5381#breadcrumb"},"inLanguage":"fr-FR","potentialAction":[{"@type":"ReadAction","target":["https:\/\/www.abbayesaintandre.com\/?p=5381"]}]},{"@type":"ImageObject","inLanguage":"fr-FR","@id":"https:\/\/www.abbayesaintandre.com\/?p=5381#primaryimage","url":"https:\/\/www.abbayesaintandre.com\/wp-content\/uploads\/2014\/05\/Logo-Jardin-Remarquable_9.jpg","contentUrl":"https:\/\/www.abbayesaintandre.com\/wp-content\/uploads\/2014\/05\/Logo-Jardin-Remarquable_9.jpg","width":942,"height":880},{"@type":"BreadcrumbList","@id":"https:\/\/www.abbayesaintandre.com\/?p=5381#breadcrumb","itemListElement":[{"@type":"ListItem","position":1,"name":"Home","item":"https:\/\/www.abbayesaintandre.com\/"},{"@type":"ListItem","position":2,"name":"New label \u00ab\u00a0Jardin remarquable\u00a0\u00bb"}]},{"@type":"WebSite","@id":"https:\/\/www.abbayesaintandre.com\/#website","url":"https:\/\/www.abbayesaintandre.com\/","name":"Abbaye Saint-Andr\u00e9 - Villeneuve-lez-Avignon","description":"Jardin remarquable &amp; abbey in south of France","potentialAction":[{"@type":"SearchAction","target":{"@type":"EntryPoint","urlTemplate":"https:\/\/www.abbayesaintandre.com\/?s={search_term_string}"},"query-input":{"@type":"PropertyValueSpecification","valueRequired":true,"valueName":"search_term_string"}}],"inLanguage":"fr-FR"},{"@type":"Person","@id":"https:\/\/www.abbayesaintandre.com\/#\/schema\/person\/dd6473cdad057336c2589e0f5b4e4d59","name":"D.HERSON","image":{"@type":"ImageObject","inLanguage":"fr-FR","@id":"https:\/\/www.abbayesaintandre.com\/#\/schema\/person\/image\/","url":"https:\/\/secure.gravatar.com\/avatar\/15110318ae22639ac9b835d203602111e448ba2fb7cb944d19151d489bb53281?s=96&d=mm&r=g","contentUrl":"https:\/\/secure.gravatar.com\/avatar\/15110318ae22639ac9b835d203602111e448ba2fb7cb944d19151d489bb53281?s=96&d=mm&r=g","caption":"D.HERSON"},"url":"https:\/\/www.abbayesaintandre.com\/?author=1"}]}},"_links":{"self":[{"href":"https:\/\/www.abbayesaintandre.com\/index.php?rest_route=\/wp\/v2\/posts\/5381","targetHints":{"allow":["GET"]}}],"collection":[{"href":"https:\/\/www.abbayesaintandre.com\/index.php?rest_route=\/wp\/v2\/posts"}],"about":[{"href":"https:\/\/www.abbayesaintandre.com\/index.php?rest_route=\/wp\/v2\/types\/post"}],"author":[{"embeddable":true,"href":"https:\/\/www.abbayesaintandre.com\/index.php?rest_route=\/wp\/v2\/users\/1"}],"replies":[{"embeddable":true,"href":"https:\/\/www.abbayesaintandre.com\/index.php?rest_route=%2Fwp%2Fv2%2Fcomments&post=5381"}],"version-history":[{"count":2,"href":"https:\/\/www.abbayesaintandre.com\/index.php?rest_route=\/wp\/v2\/posts\/5381\/revisions"}],"predecessor-version":[{"id":5659,"href":"https:\/\/www.abbayesaintandre.com\/index.php?rest_route=\/wp\/v2\/posts\/5381\/revisions\/5659"}],"wp:featuredmedia":[{"embeddable":true,"href":"https:\/\/www.abbayesaintandre.com\/index.php?rest_route=\/wp\/v2\/media\/5404"}],"wp:attachment":[{"href":"https:\/\/www.abbayesaintandre.com\/index.php?rest_route=%2Fwp%2Fv2%2Fmedia&parent=5381"}],"wp:term":[{"taxonomy":"category","embeddable":true,"href":"https:\/\/www.abbayesaintandre.com\/index.php?rest_route=%2Fwp%2Fv2%2Fcategories&post=5381"},{"taxonomy":"post_tag","embeddable":true,"href":"https:\/\/www.abbayesaintandre.com\/index.php?rest_route=%2Fwp%2Fv2%2Ftags&post=5381"}],"curies":[{"name":"wp","href":"https:\/\/api.w.org\/{rel}","templated":true}]}}