{"id":5665,"date":"2023-04-27T10:12:53","date_gmt":"2023-04-27T10:12:53","guid":{"rendered":"https:\/\/www.abbayesaintandre.com\/?p=5665"},"modified":"2023-04-27T10:13:10","modified_gmt":"2023-04-27T10:13:10","slug":"exhibition-de-memoire-darbre-by-marc-nucera-march-1st-to-june-4th-2023","status":"publish","type":"post","link":"https:\/\/www.abbayesaintandre.com\/?p=5665","title":{"rendered":"Exhibition \u00ab\u00a0De M\u00e9moire d&rsquo;arbre\u00a0\u00bb by Marc Nucera &#8211; March 1st to June 4th 2023"},"content":{"rendered":"<p>Draped twists, wooden prieuses, veined cocoons<br \/>\nAn artist bewitched by the forest, Marc Nucera wishes to take over the Saint-Andr\u00e9 Abbey with a wolf&rsquo;s pace, in a breath. The exhibition De M\u00e9moire d&rsquo;arbre will vibrate in unison with the monastic spaces. Twists and columns, prieuses, bas-reliefs, the soul of the forest is revealed with exaltation under the hands of this tree sculptor. Behind the softness of the curves and the sensuality of the woody material, the bubbling of the barely frozen genesis shines through.<\/p>\n<p>After bringing to life twigs and barrels, Marc Nucera slides into the heart of the wood, which becomes scarified flesh, drapery, openworked and punched organic matter. He espouses disproportionate verticalities that rise to the sky, while on the ground, the woods are lined up like polished pebbles ready to bloom. On the edge of the woods, his anthropomorphic sculptures, all in roundness, watch over the place, watching for omens and visitors.<\/p>\n<p>The artist works per via de levare with multiple chainsaws and even if the gesture requires strength and determination, sometimes bordering on reason, Marc Nucera lives it as a sensitive act, listening to the material, which he cuts up, evides according to its meaning, respects its energy, exhales its vitality, exhumes its age-old memory, its life course as a tree before being wood.<\/p>\n<p><strong>More information on<\/strong>\u00a0:\u00a0<a href=\"https:\/\/marc-nucera.fr\/\">https:\/\/marc-nucera.fr\/<\/a>, page Instagram\u00a0<a href=\"https:\/\/www.instagram.com\/marcnucera\/\">https:\/\/www.instagram.com\/marcnucera\/<\/a><\/p>\n","protected":false},"excerpt":{"rendered":"<p>Draped twists, wooden prieuses, veined cocoons An artist bewitched by the forest, Marc Nucera wishes to take over the Saint-Andr\u00e9 Abbey with a wolf&rsquo;s pace, in a breath. The exhibition De M\u00e9moire d&rsquo;arbre will vibrate in unison with the monastic spaces. Twists and columns, prieuses, bas-reliefs, the soul of the forest is revealed with exaltation under the hands of this [&hellip;]<\/p>\n","protected":false},"author":2,"featured_media":5668,"comment_status":"open","ping_status":"open","sticky":false,"template":"","format":"standard","meta":{"footnotes":""},"categories":[1],"tags":[],"class_list":["post-5665","post","type-post","status-publish","format-standard","has-post-thumbnail","hentry","category-uncategorized"],"yoast_head":"<!-- This site is optimized with the Yoast SEO plugin v27.0 - https:\/\/yoast.com\/product\/yoast-seo-wordpress\/ -->\n<title>Exhibition &quot;De M\u00e9moire d&#039;arbre&quot; by Marc Nucera - March 1st to June 4th 2023 - Abbaye Saint-Andr\u00e9 - Villeneuve-lez-Avignon<\/title>\n<meta name=\"robots\" content=\"index, follow, max-snippet:-1, max-image-preview:large, max-video-preview:-1\" \/>\n<link rel=\"canonical\" href=\"https:\/\/www.abbayesaintandre.com\/?p=5665\" \/>\n<meta property=\"og:locale\" content=\"fr_FR\" \/>\n<meta property=\"og:type\" content=\"article\" \/>\n<meta property=\"og:title\" content=\"Exhibition &quot;De M\u00e9moire d&#039;arbre&quot; by Marc Nucera - March 1st to June 4th 2023 - Abbaye Saint-Andr\u00e9 - Villeneuve-lez-Avignon\" \/>\n<meta property=\"og:description\" content=\"Draped twists, wooden prieuses, veined cocoons An artist bewitched by the forest, Marc Nucera wishes to take over the Saint-Andr\u00e9 Abbey with a wolf&rsquo;s pace, in a breath. The exhibition De M\u00e9moire d&rsquo;arbre will vibrate in unison with the monastic spaces. Twists and columns, prieuses, bas-reliefs, the soul of the forest is revealed with exaltation under the hands of this [&hellip;]\" \/>\n<meta property=\"og:url\" content=\"https:\/\/www.abbayesaintandre.com\/?p=5665\" \/>\n<meta property=\"og:site_name\" content=\"Abbaye Saint-Andr\u00e9 - Villeneuve-lez-Avignon\" \/>\n<meta property=\"article:published_time\" content=\"2023-04-27T10:12:53+00:00\" \/>\n<meta property=\"article:modified_time\" content=\"2023-04-27T10:13:10+00:00\" \/>\n<meta property=\"og:image\" content=\"https:\/\/www.abbayesaintandre.com\/wp-content\/uploads\/2023\/04\/affiche-Marc-Nucera-copyright.jpg\" \/>\n\t<meta property=\"og:image:width\" content=\"450\" \/>\n\t<meta property=\"og:image:height\" content=\"640\" \/>\n\t<meta property=\"og:image:type\" content=\"image\/jpeg\" \/>\n<meta name=\"author\" content=\"Marie Viennet\" \/>\n<meta name=\"twitter:card\" content=\"summary_large_image\" \/>\n<meta name=\"twitter:label1\" content=\"\u00c9crit par\" \/>\n\t<meta name=\"twitter:data1\" content=\"Marie Viennet\" \/>\n\t<meta name=\"twitter:label2\" content=\"Dur\u00e9e de lecture estim\u00e9e\" \/>\n\t<meta name=\"twitter:data2\" content=\"1 minute\" \/>\n<script type=\"application\/ld+json\" class=\"yoast-schema-graph\">{\"@context\":\"https:\/\/schema.org\",\"@graph\":[{\"@type\":\"Article\",\"@id\":\"https:\/\/www.abbayesaintandre.com\/?p=5665#article\",\"isPartOf\":{\"@id\":\"https:\/\/www.abbayesaintandre.com\/?p=5665\"},\"author\":{\"name\":\"Marie Viennet\",\"@id\":\"https:\/\/www.abbayesaintandre.com\/#\/schema\/person\/e991a87bf1560b3d060bd72b37541068\"},\"headline\":\"Exhibition \u00ab\u00a0De M\u00e9moire d&rsquo;arbre\u00a0\u00bb by Marc Nucera &#8211; March 1st to June 4th 2023\",\"datePublished\":\"2023-04-27T10:12:53+00:00\",\"dateModified\":\"2023-04-27T10:13:10+00:00\",\"mainEntityOfPage\":{\"@id\":\"https:\/\/www.abbayesaintandre.com\/?p=5665\"},\"wordCount\":246,\"commentCount\":0,\"image\":{\"@id\":\"https:\/\/www.abbayesaintandre.com\/?p=5665#primaryimage\"},\"thumbnailUrl\":\"https:\/\/www.abbayesaintandre.com\/wp-content\/uploads\/2023\/04\/affiche-Marc-Nucera-copyright.jpg\",\"articleSection\":[\"Uncategorized\"],\"inLanguage\":\"fr-FR\",\"potentialAction\":[{\"@type\":\"CommentAction\",\"name\":\"Comment\",\"target\":[\"https:\/\/www.abbayesaintandre.com\/?p=5665#respond\"]}]},{\"@type\":\"WebPage\",\"@id\":\"https:\/\/www.abbayesaintandre.com\/?p=5665\",\"url\":\"https:\/\/www.abbayesaintandre.com\/?p=5665\",\"name\":\"Exhibition \\\"De M\u00e9moire d'arbre\\\" by Marc Nucera - March 1st to June 4th 2023 - Abbaye Saint-Andr\u00e9 - Villeneuve-lez-Avignon\",\"isPartOf\":{\"@id\":\"https:\/\/www.abbayesaintandre.com\/#website\"},\"primaryImageOfPage\":{\"@id\":\"https:\/\/www.abbayesaintandre.com\/?p=5665#primaryimage\"},\"image\":{\"@id\":\"https:\/\/www.abbayesaintandre.com\/?p=5665#primaryimage\"},\"thumbnailUrl\":\"https:\/\/www.abbayesaintandre.com\/wp-content\/uploads\/2023\/04\/affiche-Marc-Nucera-copyright.jpg\",\"datePublished\":\"2023-04-27T10:12:53+00:00\",\"dateModified\":\"2023-04-27T10:13:10+00:00\",\"author\":{\"@id\":\"https:\/\/www.abbayesaintandre.com\/#\/schema\/person\/e991a87bf1560b3d060bd72b37541068\"},\"breadcrumb\":{\"@id\":\"https:\/\/www.abbayesaintandre.com\/?p=5665#breadcrumb\"},\"inLanguage\":\"fr-FR\",\"potentialAction\":[{\"@type\":\"ReadAction\",\"target\":[\"https:\/\/www.abbayesaintandre.com\/?p=5665\"]}]},{\"@type\":\"ImageObject\",\"inLanguage\":\"fr-FR\",\"@id\":\"https:\/\/www.abbayesaintandre.com\/?p=5665#primaryimage\",\"url\":\"https:\/\/www.abbayesaintandre.com\/wp-content\/uploads\/2023\/04\/affiche-Marc-Nucera-copyright.jpg\",\"contentUrl\":\"https:\/\/www.abbayesaintandre.com\/wp-content\/uploads\/2023\/04\/affiche-Marc-Nucera-copyright.jpg\",\"width\":450,\"height\":640},{\"@type\":\"BreadcrumbList\",\"@id\":\"https:\/\/www.abbayesaintandre.com\/?p=5665#breadcrumb\",\"itemListElement\":[{\"@type\":\"ListItem\",\"position\":1,\"name\":\"Home\",\"item\":\"https:\/\/www.abbayesaintandre.com\/\"},{\"@type\":\"ListItem\",\"position\":2,\"name\":\"Exhibition \u00ab\u00a0De M\u00e9moire d&rsquo;arbre\u00a0\u00bb by Marc Nucera &#8211; March 1st to June 4th 2023\"}]},{\"@type\":\"WebSite\",\"@id\":\"https:\/\/www.abbayesaintandre.com\/#website\",\"url\":\"https:\/\/www.abbayesaintandre.com\/\",\"name\":\"Abbaye Saint-Andr\u00e9 - Villeneuve-lez-Avignon\",\"description\":\"Jardin remarquable &amp; abbey in south of France\",\"potentialAction\":[{\"@type\":\"SearchAction\",\"target\":{\"@type\":\"EntryPoint\",\"urlTemplate\":\"https:\/\/www.abbayesaintandre.com\/?s={search_term_string}\"},\"query-input\":{\"@type\":\"PropertyValueSpecification\",\"valueRequired\":true,\"valueName\":\"search_term_string\"}}],\"inLanguage\":\"fr-FR\"},{\"@type\":\"Person\",\"@id\":\"https:\/\/www.abbayesaintandre.com\/#\/schema\/person\/e991a87bf1560b3d060bd72b37541068\",\"name\":\"Marie Viennet\",\"image\":{\"@type\":\"ImageObject\",\"inLanguage\":\"fr-FR\",\"@id\":\"https:\/\/www.abbayesaintandre.com\/#\/schema\/person\/image\/\",\"url\":\"https:\/\/secure.gravatar.com\/avatar\/84a75e018676a30e65c28807f1aa76dc211b4caff3b02db1bb1f7246c317d59e?s=96&d=mm&r=g\",\"contentUrl\":\"https:\/\/secure.gravatar.com\/avatar\/84a75e018676a30e65c28807f1aa76dc211b4caff3b02db1bb1f7246c317d59e?s=96&d=mm&r=g\",\"caption\":\"Marie Viennet\"},\"url\":\"https:\/\/www.abbayesaintandre.com\/?author=2\"}]}<\/script>\n<!-- \/ Yoast SEO plugin. -->","yoast_head_json":{"title":"Exhibition \"De M\u00e9moire d'arbre\" by Marc Nucera - March 1st to June 4th 2023 - Abbaye Saint-Andr\u00e9 - Villeneuve-lez-Avignon","robots":{"index":"index","follow":"follow","max-snippet":"max-snippet:-1","max-image-preview":"max-image-preview:large","max-video-preview":"max-video-preview:-1"},"canonical":"https:\/\/www.abbayesaintandre.com\/?p=5665","og_locale":"fr_FR","og_type":"article","og_title":"Exhibition \"De M\u00e9moire d'arbre\" by Marc Nucera - March 1st to June 4th 2023 - Abbaye Saint-Andr\u00e9 - Villeneuve-lez-Avignon","og_description":"Draped twists, wooden prieuses, veined cocoons An artist bewitched by the forest, Marc Nucera wishes to take over the Saint-Andr\u00e9 Abbey with a wolf&rsquo;s pace, in a breath. The exhibition De M\u00e9moire d&rsquo;arbre will vibrate in unison with the monastic spaces. Twists and columns, prieuses, bas-reliefs, the soul of the forest is revealed with exaltation under the hands of this [&hellip;]","og_url":"https:\/\/www.abbayesaintandre.com\/?p=5665","og_site_name":"Abbaye Saint-Andr\u00e9 - Villeneuve-lez-Avignon","article_published_time":"2023-04-27T10:12:53+00:00","article_modified_time":"2023-04-27T10:13:10+00:00","og_image":[{"width":450,"height":640,"url":"https:\/\/www.abbayesaintandre.com\/wp-content\/uploads\/2023\/04\/affiche-Marc-Nucera-copyright.jpg","type":"image\/jpeg"}],"author":"Marie Viennet","twitter_card":"summary_large_image","twitter_misc":{"\u00c9crit par":"Marie Viennet","Dur\u00e9e de lecture estim\u00e9e":"1 minute"},"schema":{"@context":"https:\/\/schema.org","@graph":[{"@type":"Article","@id":"https:\/\/www.abbayesaintandre.com\/?p=5665#article","isPartOf":{"@id":"https:\/\/www.abbayesaintandre.com\/?p=5665"},"author":{"name":"Marie Viennet","@id":"https:\/\/www.abbayesaintandre.com\/#\/schema\/person\/e991a87bf1560b3d060bd72b37541068"},"headline":"Exhibition \u00ab\u00a0De M\u00e9moire d&rsquo;arbre\u00a0\u00bb by Marc Nucera &#8211; March 1st to June 4th 2023","datePublished":"2023-04-27T10:12:53+00:00","dateModified":"2023-04-27T10:13:10+00:00","mainEntityOfPage":{"@id":"https:\/\/www.abbayesaintandre.com\/?p=5665"},"wordCount":246,"commentCount":0,"image":{"@id":"https:\/\/www.abbayesaintandre.com\/?p=5665#primaryimage"},"thumbnailUrl":"https:\/\/www.abbayesaintandre.com\/wp-content\/uploads\/2023\/04\/affiche-Marc-Nucera-copyright.jpg","articleSection":["Uncategorized"],"inLanguage":"fr-FR","potentialAction":[{"@type":"CommentAction","name":"Comment","target":["https:\/\/www.abbayesaintandre.com\/?p=5665#respond"]}]},{"@type":"WebPage","@id":"https:\/\/www.abbayesaintandre.com\/?p=5665","url":"https:\/\/www.abbayesaintandre.com\/?p=5665","name":"Exhibition \"De M\u00e9moire d'arbre\" by Marc Nucera - March 1st to June 4th 2023 - Abbaye Saint-Andr\u00e9 - Villeneuve-lez-Avignon","isPartOf":{"@id":"https:\/\/www.abbayesaintandre.com\/#website"},"primaryImageOfPage":{"@id":"https:\/\/www.abbayesaintandre.com\/?p=5665#primaryimage"},"image":{"@id":"https:\/\/www.abbayesaintandre.com\/?p=5665#primaryimage"},"thumbnailUrl":"https:\/\/www.abbayesaintandre.com\/wp-content\/uploads\/2023\/04\/affiche-Marc-Nucera-copyright.jpg","datePublished":"2023-04-27T10:12:53+00:00","dateModified":"2023-04-27T10:13:10+00:00","author":{"@id":"https:\/\/www.abbayesaintandre.com\/#\/schema\/person\/e991a87bf1560b3d060bd72b37541068"},"breadcrumb":{"@id":"https:\/\/www.abbayesaintandre.com\/?p=5665#breadcrumb"},"inLanguage":"fr-FR","potentialAction":[{"@type":"ReadAction","target":["https:\/\/www.abbayesaintandre.com\/?p=5665"]}]},{"@type":"ImageObject","inLanguage":"fr-FR","@id":"https:\/\/www.abbayesaintandre.com\/?p=5665#primaryimage","url":"https:\/\/www.abbayesaintandre.com\/wp-content\/uploads\/2023\/04\/affiche-Marc-Nucera-copyright.jpg","contentUrl":"https:\/\/www.abbayesaintandre.com\/wp-content\/uploads\/2023\/04\/affiche-Marc-Nucera-copyright.jpg","width":450,"height":640},{"@type":"BreadcrumbList","@id":"https:\/\/www.abbayesaintandre.com\/?p=5665#breadcrumb","itemListElement":[{"@type":"ListItem","position":1,"name":"Home","item":"https:\/\/www.abbayesaintandre.com\/"},{"@type":"ListItem","position":2,"name":"Exhibition \u00ab\u00a0De M\u00e9moire d&rsquo;arbre\u00a0\u00bb by Marc Nucera &#8211; March 1st to June 4th 2023"}]},{"@type":"WebSite","@id":"https:\/\/www.abbayesaintandre.com\/#website","url":"https:\/\/www.abbayesaintandre.com\/","name":"Abbaye Saint-Andr\u00e9 - Villeneuve-lez-Avignon","description":"Jardin remarquable &amp; abbey in south of France","potentialAction":[{"@type":"SearchAction","target":{"@type":"EntryPoint","urlTemplate":"https:\/\/www.abbayesaintandre.com\/?s={search_term_string}"},"query-input":{"@type":"PropertyValueSpecification","valueRequired":true,"valueName":"search_term_string"}}],"inLanguage":"fr-FR"},{"@type":"Person","@id":"https:\/\/www.abbayesaintandre.com\/#\/schema\/person\/e991a87bf1560b3d060bd72b37541068","name":"Marie Viennet","image":{"@type":"ImageObject","inLanguage":"fr-FR","@id":"https:\/\/www.abbayesaintandre.com\/#\/schema\/person\/image\/","url":"https:\/\/secure.gravatar.com\/avatar\/84a75e018676a30e65c28807f1aa76dc211b4caff3b02db1bb1f7246c317d59e?s=96&d=mm&r=g","contentUrl":"https:\/\/secure.gravatar.com\/avatar\/84a75e018676a30e65c28807f1aa76dc211b4caff3b02db1bb1f7246c317d59e?s=96&d=mm&r=g","caption":"Marie Viennet"},"url":"https:\/\/www.abbayesaintandre.com\/?author=2"}]}},"_links":{"self":[{"href":"https:\/\/www.abbayesaintandre.com\/index.php?rest_route=\/wp\/v2\/posts\/5665","targetHints":{"allow":["GET"]}}],"collection":[{"href":"https:\/\/www.abbayesaintandre.com\/index.php?rest_route=\/wp\/v2\/posts"}],"about":[{"href":"https:\/\/www.abbayesaintandre.com\/index.php?rest_route=\/wp\/v2\/types\/post"}],"author":[{"embeddable":true,"href":"https:\/\/www.abbayesaintandre.com\/index.php?rest_route=\/wp\/v2\/users\/2"}],"replies":[{"embeddable":true,"href":"https:\/\/www.abbayesaintandre.com\/index.php?rest_route=%2Fwp%2Fv2%2Fcomments&post=5665"}],"version-history":[{"count":1,"href":"https:\/\/www.abbayesaintandre.com\/index.php?rest_route=\/wp\/v2\/posts\/5665\/revisions"}],"predecessor-version":[{"id":5669,"href":"https:\/\/www.abbayesaintandre.com\/index.php?rest_route=\/wp\/v2\/posts\/5665\/revisions\/5669"}],"wp:featuredmedia":[{"embeddable":true,"href":"https:\/\/www.abbayesaintandre.com\/index.php?rest_route=\/wp\/v2\/media\/5668"}],"wp:attachment":[{"href":"https:\/\/www.abbayesaintandre.com\/index.php?rest_route=%2Fwp%2Fv2%2Fmedia&parent=5665"}],"wp:term":[{"taxonomy":"category","embeddable":true,"href":"https:\/\/www.abbayesaintandre.com\/index.php?rest_route=%2Fwp%2Fv2%2Fcategories&post=5665"},{"taxonomy":"post_tag","embeddable":true,"href":"https:\/\/www.abbayesaintandre.com\/index.php?rest_route=%2Fwp%2Fv2%2Ftags&post=5665"}],"curies":[{"name":"wp","href":"https:\/\/api.w.org\/{rel}","templated":true}]}}