{"id":5676,"date":"2023-04-27T10:40:36","date_gmt":"2023-04-27T10:40:36","guid":{"rendered":"https:\/\/www.abbayesaintandre.com\/?p=5676"},"modified":"2024-03-22T14:58:10","modified_gmt":"2024-03-22T14:58:10","slug":"guided-tours-of-the-gardens-and-the-abbey-palace-in-2023","status":"publish","type":"post","link":"https:\/\/www.abbayesaintandre.com\/?p=5676","title":{"rendered":"Guided tours of the gardens and the abbey palace in 2024"},"content":{"rendered":"<h4><span style=\"text-decoration: underline;\">For groups over 10 persons only<\/span><\/h4>\n<p><strong>* Guided botanical tour of the gardens<\/strong><\/p>\n<p>Botanical visit of the 2 hectares of panoramic gardens classified as \u00ab\u00a0Remarkable Garden\u00a0\u00bb with our gardener Romain Lestruhaut.<\/p>\n<p>By reservation, for groups only (minimum 10 people).<\/p>\n<p>Reservation by phone 04 90 25 55 95 or email info@abbayesaintandre.fr<br \/>\nRates: Group rate 13\u20ac \/ Carrier rate Pass Abbaye St Andr\u00e9 8\u20ac.<\/p>\n<p><img loading=\"lazy\" decoding=\"async\" class=\"aligncenter wp-image-5677\" src=\"https:\/\/www.abbayesaintandre.com\/wp-content\/uploads\/2023\/04\/IMG_2905-768x1024.jpeg\" alt=\"\" width=\"252\" height=\"336\" srcset=\"https:\/\/www.abbayesaintandre.com\/wp-content\/uploads\/2023\/04\/IMG_2905-768x1024.jpeg 768w, https:\/\/www.abbayesaintandre.com\/wp-content\/uploads\/2023\/04\/IMG_2905-225x300.jpeg 225w, https:\/\/www.abbayesaintandre.com\/wp-content\/uploads\/2023\/04\/IMG_2905-1152x1536.jpeg 1152w, https:\/\/www.abbayesaintandre.com\/wp-content\/uploads\/2023\/04\/IMG_2905-1536x2048.jpeg 1536w, https:\/\/www.abbayesaintandre.com\/wp-content\/uploads\/2023\/04\/IMG_2905-scaled.jpeg 1920w\" sizes=\"auto, (max-width: 252px) 100vw, 252px\" \/><\/p>\n<p><strong>Commented tour of the Abbey Palace and gardens<\/strong><\/p>\n<p>Visit of the vaulted rooms on the 1st floor, Emile Bernard&rsquo;s mural paintings, collections, permanent exhibitions and gardens<\/p>\n<p>y reservation, for groups only (minimum 10 people).<\/p>\n<p>Reservation by phone 04 90 25 55 95 or email info@abbayesaintandre.fr<br \/>\nRates: Group rate 13\u20ac \/ Carrier rate Pass Abbaye St Andr\u00e9 8\u20ac.<\/p>\n<p><img loading=\"lazy\" decoding=\"async\" class=\"aligncenter wp-image-5678\" src=\"https:\/\/www.abbayesaintandre.com\/wp-content\/uploads\/2023\/04\/IMG_2862-923x1024.jpg\" alt=\"\" width=\"309\" height=\"343\" srcset=\"https:\/\/www.abbayesaintandre.com\/wp-content\/uploads\/2023\/04\/IMG_2862-923x1024.jpg 923w, https:\/\/www.abbayesaintandre.com\/wp-content\/uploads\/2023\/04\/IMG_2862-271x300.jpg 271w, https:\/\/www.abbayesaintandre.com\/wp-content\/uploads\/2023\/04\/IMG_2862-768x852.jpg 768w, https:\/\/www.abbayesaintandre.com\/wp-content\/uploads\/2023\/04\/IMG_2862-1385x1536.jpg 1385w, https:\/\/www.abbayesaintandre.com\/wp-content\/uploads\/2023\/04\/IMG_2862-1847x2048.jpg 1847w\" sizes=\"auto, (max-width: 309px) 100vw, 309px\" \/><\/p>\n<p>&nbsp;<\/p>\n","protected":false},"excerpt":{"rendered":"<p>For groups over 10 persons only * Guided botanical tour of the gardens Botanical visit of the 2 hectares of panoramic gardens classified as \u00ab\u00a0Remarkable Garden\u00a0\u00bb with our gardener Romain Lestruhaut. By reservation, for groups only (minimum 10 people). Reservation by phone 04 90 25 55 95 or email info@abbayesaintandre.fr Rates: Group rate 13\u20ac \/ Carrier rate Pass Abbaye St [&hellip;]<\/p>\n","protected":false},"author":2,"featured_media":5679,"comment_status":"open","ping_status":"open","sticky":false,"template":"","format":"standard","meta":{"footnotes":""},"categories":[1],"tags":[],"class_list":["post-5676","post","type-post","status-publish","format-standard","has-post-thumbnail","hentry","category-uncategorized"],"yoast_head":"<!-- This site is optimized with the Yoast SEO plugin v27.0 - https:\/\/yoast.com\/product\/yoast-seo-wordpress\/ -->\n<title>Guided tours of the gardens and the abbey palace in 2024 - Abbaye Saint-Andr\u00e9 - Villeneuve-lez-Avignon<\/title>\n<meta name=\"robots\" content=\"index, follow, max-snippet:-1, max-image-preview:large, max-video-preview:-1\" \/>\n<link rel=\"canonical\" href=\"https:\/\/www.abbayesaintandre.com\/?p=5676\" \/>\n<meta property=\"og:locale\" content=\"fr_FR\" \/>\n<meta property=\"og:type\" content=\"article\" \/>\n<meta property=\"og:title\" content=\"Guided tours of the gardens and the abbey palace in 2024 - Abbaye Saint-Andr\u00e9 - Villeneuve-lez-Avignon\" \/>\n<meta property=\"og:description\" content=\"For groups over 10 persons only * Guided botanical tour of the gardens Botanical visit of the 2 hectares of panoramic gardens classified as \u00ab\u00a0Remarkable Garden\u00a0\u00bb with our gardener Romain Lestruhaut. By reservation, for groups only (minimum 10 people). Reservation by phone 04 90 25 55 95 or email info@abbayesaintandre.fr Rates: Group rate 13\u20ac \/ Carrier rate Pass Abbaye St [&hellip;]\" \/>\n<meta property=\"og:url\" content=\"https:\/\/www.abbayesaintandre.com\/?p=5676\" \/>\n<meta property=\"og:site_name\" content=\"Abbaye Saint-Andr\u00e9 - Villeneuve-lez-Avignon\" \/>\n<meta property=\"article:published_time\" content=\"2023-04-27T10:40:36+00:00\" \/>\n<meta property=\"article:modified_time\" content=\"2024-03-22T14:58:10+00:00\" \/>\n<meta property=\"og:image\" content=\"https:\/\/www.abbayesaintandre.com\/wp-content\/uploads\/2023\/04\/IMG_2555-1024x683.jpg\" \/>\n\t<meta property=\"og:image:width\" content=\"1024\" \/>\n\t<meta property=\"og:image:height\" content=\"683\" \/>\n\t<meta property=\"og:image:type\" content=\"image\/jpeg\" \/>\n<meta name=\"author\" content=\"Marie Viennet\" \/>\n<meta name=\"twitter:card\" content=\"summary_large_image\" \/>\n<meta name=\"twitter:label1\" content=\"\u00c9crit par\" \/>\n\t<meta name=\"twitter:data1\" content=\"Marie Viennet\" \/>\n\t<meta name=\"twitter:label2\" content=\"Dur\u00e9e de lecture estim\u00e9e\" \/>\n\t<meta name=\"twitter:data2\" content=\"1 minute\" \/>\n<script type=\"application\/ld+json\" class=\"yoast-schema-graph\">{\"@context\":\"https:\/\/schema.org\",\"@graph\":[{\"@type\":\"Article\",\"@id\":\"https:\/\/www.abbayesaintandre.com\/?p=5676#article\",\"isPartOf\":{\"@id\":\"https:\/\/www.abbayesaintandre.com\/?p=5676\"},\"author\":{\"name\":\"Marie Viennet\",\"@id\":\"https:\/\/www.abbayesaintandre.com\/#\/schema\/person\/e991a87bf1560b3d060bd72b37541068\"},\"headline\":\"Guided tours of the gardens and the abbey palace in 2024\",\"datePublished\":\"2023-04-27T10:40:36+00:00\",\"dateModified\":\"2024-03-22T14:58:10+00:00\",\"mainEntityOfPage\":{\"@id\":\"https:\/\/www.abbayesaintandre.com\/?p=5676\"},\"wordCount\":113,\"commentCount\":0,\"image\":{\"@id\":\"https:\/\/www.abbayesaintandre.com\/?p=5676#primaryimage\"},\"thumbnailUrl\":\"https:\/\/www.abbayesaintandre.com\/wp-content\/uploads\/2023\/04\/IMG_2555-scaled.jpg\",\"articleSection\":[\"Uncategorized\"],\"inLanguage\":\"fr-FR\",\"potentialAction\":[{\"@type\":\"CommentAction\",\"name\":\"Comment\",\"target\":[\"https:\/\/www.abbayesaintandre.com\/?p=5676#respond\"]}]},{\"@type\":\"WebPage\",\"@id\":\"https:\/\/www.abbayesaintandre.com\/?p=5676\",\"url\":\"https:\/\/www.abbayesaintandre.com\/?p=5676\",\"name\":\"Guided tours of the gardens and the abbey palace in 2024 - Abbaye Saint-Andr\u00e9 - Villeneuve-lez-Avignon\",\"isPartOf\":{\"@id\":\"https:\/\/www.abbayesaintandre.com\/#website\"},\"primaryImageOfPage\":{\"@id\":\"https:\/\/www.abbayesaintandre.com\/?p=5676#primaryimage\"},\"image\":{\"@id\":\"https:\/\/www.abbayesaintandre.com\/?p=5676#primaryimage\"},\"thumbnailUrl\":\"https:\/\/www.abbayesaintandre.com\/wp-content\/uploads\/2023\/04\/IMG_2555-scaled.jpg\",\"datePublished\":\"2023-04-27T10:40:36+00:00\",\"dateModified\":\"2024-03-22T14:58:10+00:00\",\"author\":{\"@id\":\"https:\/\/www.abbayesaintandre.com\/#\/schema\/person\/e991a87bf1560b3d060bd72b37541068\"},\"breadcrumb\":{\"@id\":\"https:\/\/www.abbayesaintandre.com\/?p=5676#breadcrumb\"},\"inLanguage\":\"fr-FR\",\"potentialAction\":[{\"@type\":\"ReadAction\",\"target\":[\"https:\/\/www.abbayesaintandre.com\/?p=5676\"]}]},{\"@type\":\"ImageObject\",\"inLanguage\":\"fr-FR\",\"@id\":\"https:\/\/www.abbayesaintandre.com\/?p=5676#primaryimage\",\"url\":\"https:\/\/www.abbayesaintandre.com\/wp-content\/uploads\/2023\/04\/IMG_2555-scaled.jpg\",\"contentUrl\":\"https:\/\/www.abbayesaintandre.com\/wp-content\/uploads\/2023\/04\/IMG_2555-scaled.jpg\",\"width\":2560,\"height\":1707},{\"@type\":\"BreadcrumbList\",\"@id\":\"https:\/\/www.abbayesaintandre.com\/?p=5676#breadcrumb\",\"itemListElement\":[{\"@type\":\"ListItem\",\"position\":1,\"name\":\"Home\",\"item\":\"https:\/\/www.abbayesaintandre.com\/\"},{\"@type\":\"ListItem\",\"position\":2,\"name\":\"Guided tours of the gardens and the abbey palace in 2024\"}]},{\"@type\":\"WebSite\",\"@id\":\"https:\/\/www.abbayesaintandre.com\/#website\",\"url\":\"https:\/\/www.abbayesaintandre.com\/\",\"name\":\"Abbaye Saint-Andr\u00e9 - Villeneuve-lez-Avignon\",\"description\":\"Jardin remarquable &amp; abbey in south of France\",\"potentialAction\":[{\"@type\":\"SearchAction\",\"target\":{\"@type\":\"EntryPoint\",\"urlTemplate\":\"https:\/\/www.abbayesaintandre.com\/?s={search_term_string}\"},\"query-input\":{\"@type\":\"PropertyValueSpecification\",\"valueRequired\":true,\"valueName\":\"search_term_string\"}}],\"inLanguage\":\"fr-FR\"},{\"@type\":\"Person\",\"@id\":\"https:\/\/www.abbayesaintandre.com\/#\/schema\/person\/e991a87bf1560b3d060bd72b37541068\",\"name\":\"Marie Viennet\",\"image\":{\"@type\":\"ImageObject\",\"inLanguage\":\"fr-FR\",\"@id\":\"https:\/\/www.abbayesaintandre.com\/#\/schema\/person\/image\/\",\"url\":\"https:\/\/secure.gravatar.com\/avatar\/84a75e018676a30e65c28807f1aa76dc211b4caff3b02db1bb1f7246c317d59e?s=96&d=mm&r=g\",\"contentUrl\":\"https:\/\/secure.gravatar.com\/avatar\/84a75e018676a30e65c28807f1aa76dc211b4caff3b02db1bb1f7246c317d59e?s=96&d=mm&r=g\",\"caption\":\"Marie Viennet\"},\"url\":\"https:\/\/www.abbayesaintandre.com\/?author=2\"}]}<\/script>\n<!-- \/ Yoast SEO plugin. -->","yoast_head_json":{"title":"Guided tours of the gardens and the abbey palace in 2024 - Abbaye Saint-Andr\u00e9 - Villeneuve-lez-Avignon","robots":{"index":"index","follow":"follow","max-snippet":"max-snippet:-1","max-image-preview":"max-image-preview:large","max-video-preview":"max-video-preview:-1"},"canonical":"https:\/\/www.abbayesaintandre.com\/?p=5676","og_locale":"fr_FR","og_type":"article","og_title":"Guided tours of the gardens and the abbey palace in 2024 - Abbaye Saint-Andr\u00e9 - Villeneuve-lez-Avignon","og_description":"For groups over 10 persons only * Guided botanical tour of the gardens Botanical visit of the 2 hectares of panoramic gardens classified as \u00ab\u00a0Remarkable Garden\u00a0\u00bb with our gardener Romain Lestruhaut. By reservation, for groups only (minimum 10 people). Reservation by phone 04 90 25 55 95 or email info@abbayesaintandre.fr Rates: Group rate 13\u20ac \/ Carrier rate Pass Abbaye St [&hellip;]","og_url":"https:\/\/www.abbayesaintandre.com\/?p=5676","og_site_name":"Abbaye Saint-Andr\u00e9 - Villeneuve-lez-Avignon","article_published_time":"2023-04-27T10:40:36+00:00","article_modified_time":"2024-03-22T14:58:10+00:00","og_image":[{"width":1024,"height":683,"url":"https:\/\/www.abbayesaintandre.com\/wp-content\/uploads\/2023\/04\/IMG_2555-1024x683.jpg","type":"image\/jpeg"}],"author":"Marie Viennet","twitter_card":"summary_large_image","twitter_misc":{"\u00c9crit par":"Marie Viennet","Dur\u00e9e de lecture estim\u00e9e":"1 minute"},"schema":{"@context":"https:\/\/schema.org","@graph":[{"@type":"Article","@id":"https:\/\/www.abbayesaintandre.com\/?p=5676#article","isPartOf":{"@id":"https:\/\/www.abbayesaintandre.com\/?p=5676"},"author":{"name":"Marie Viennet","@id":"https:\/\/www.abbayesaintandre.com\/#\/schema\/person\/e991a87bf1560b3d060bd72b37541068"},"headline":"Guided tours of the gardens and the abbey palace in 2024","datePublished":"2023-04-27T10:40:36+00:00","dateModified":"2024-03-22T14:58:10+00:00","mainEntityOfPage":{"@id":"https:\/\/www.abbayesaintandre.com\/?p=5676"},"wordCount":113,"commentCount":0,"image":{"@id":"https:\/\/www.abbayesaintandre.com\/?p=5676#primaryimage"},"thumbnailUrl":"https:\/\/www.abbayesaintandre.com\/wp-content\/uploads\/2023\/04\/IMG_2555-scaled.jpg","articleSection":["Uncategorized"],"inLanguage":"fr-FR","potentialAction":[{"@type":"CommentAction","name":"Comment","target":["https:\/\/www.abbayesaintandre.com\/?p=5676#respond"]}]},{"@type":"WebPage","@id":"https:\/\/www.abbayesaintandre.com\/?p=5676","url":"https:\/\/www.abbayesaintandre.com\/?p=5676","name":"Guided tours of the gardens and the abbey palace in 2024 - Abbaye Saint-Andr\u00e9 - Villeneuve-lez-Avignon","isPartOf":{"@id":"https:\/\/www.abbayesaintandre.com\/#website"},"primaryImageOfPage":{"@id":"https:\/\/www.abbayesaintandre.com\/?p=5676#primaryimage"},"image":{"@id":"https:\/\/www.abbayesaintandre.com\/?p=5676#primaryimage"},"thumbnailUrl":"https:\/\/www.abbayesaintandre.com\/wp-content\/uploads\/2023\/04\/IMG_2555-scaled.jpg","datePublished":"2023-04-27T10:40:36+00:00","dateModified":"2024-03-22T14:58:10+00:00","author":{"@id":"https:\/\/www.abbayesaintandre.com\/#\/schema\/person\/e991a87bf1560b3d060bd72b37541068"},"breadcrumb":{"@id":"https:\/\/www.abbayesaintandre.com\/?p=5676#breadcrumb"},"inLanguage":"fr-FR","potentialAction":[{"@type":"ReadAction","target":["https:\/\/www.abbayesaintandre.com\/?p=5676"]}]},{"@type":"ImageObject","inLanguage":"fr-FR","@id":"https:\/\/www.abbayesaintandre.com\/?p=5676#primaryimage","url":"https:\/\/www.abbayesaintandre.com\/wp-content\/uploads\/2023\/04\/IMG_2555-scaled.jpg","contentUrl":"https:\/\/www.abbayesaintandre.com\/wp-content\/uploads\/2023\/04\/IMG_2555-scaled.jpg","width":2560,"height":1707},{"@type":"BreadcrumbList","@id":"https:\/\/www.abbayesaintandre.com\/?p=5676#breadcrumb","itemListElement":[{"@type":"ListItem","position":1,"name":"Home","item":"https:\/\/www.abbayesaintandre.com\/"},{"@type":"ListItem","position":2,"name":"Guided tours of the gardens and the abbey palace in 2024"}]},{"@type":"WebSite","@id":"https:\/\/www.abbayesaintandre.com\/#website","url":"https:\/\/www.abbayesaintandre.com\/","name":"Abbaye Saint-Andr\u00e9 - Villeneuve-lez-Avignon","description":"Jardin remarquable &amp; abbey in south of France","potentialAction":[{"@type":"SearchAction","target":{"@type":"EntryPoint","urlTemplate":"https:\/\/www.abbayesaintandre.com\/?s={search_term_string}"},"query-input":{"@type":"PropertyValueSpecification","valueRequired":true,"valueName":"search_term_string"}}],"inLanguage":"fr-FR"},{"@type":"Person","@id":"https:\/\/www.abbayesaintandre.com\/#\/schema\/person\/e991a87bf1560b3d060bd72b37541068","name":"Marie Viennet","image":{"@type":"ImageObject","inLanguage":"fr-FR","@id":"https:\/\/www.abbayesaintandre.com\/#\/schema\/person\/image\/","url":"https:\/\/secure.gravatar.com\/avatar\/84a75e018676a30e65c28807f1aa76dc211b4caff3b02db1bb1f7246c317d59e?s=96&d=mm&r=g","contentUrl":"https:\/\/secure.gravatar.com\/avatar\/84a75e018676a30e65c28807f1aa76dc211b4caff3b02db1bb1f7246c317d59e?s=96&d=mm&r=g","caption":"Marie Viennet"},"url":"https:\/\/www.abbayesaintandre.com\/?author=2"}]}},"_links":{"self":[{"href":"https:\/\/www.abbayesaintandre.com\/index.php?rest_route=\/wp\/v2\/posts\/5676","targetHints":{"allow":["GET"]}}],"collection":[{"href":"https:\/\/www.abbayesaintandre.com\/index.php?rest_route=\/wp\/v2\/posts"}],"about":[{"href":"https:\/\/www.abbayesaintandre.com\/index.php?rest_route=\/wp\/v2\/types\/post"}],"author":[{"embeddable":true,"href":"https:\/\/www.abbayesaintandre.com\/index.php?rest_route=\/wp\/v2\/users\/2"}],"replies":[{"embeddable":true,"href":"https:\/\/www.abbayesaintandre.com\/index.php?rest_route=%2Fwp%2Fv2%2Fcomments&post=5676"}],"version-history":[{"count":4,"href":"https:\/\/www.abbayesaintandre.com\/index.php?rest_route=\/wp\/v2\/posts\/5676\/revisions"}],"predecessor-version":[{"id":5701,"href":"https:\/\/www.abbayesaintandre.com\/index.php?rest_route=\/wp\/v2\/posts\/5676\/revisions\/5701"}],"wp:featuredmedia":[{"embeddable":true,"href":"https:\/\/www.abbayesaintandre.com\/index.php?rest_route=\/wp\/v2\/media\/5679"}],"wp:attachment":[{"href":"https:\/\/www.abbayesaintandre.com\/index.php?rest_route=%2Fwp%2Fv2%2Fmedia&parent=5676"}],"wp:term":[{"taxonomy":"category","embeddable":true,"href":"https:\/\/www.abbayesaintandre.com\/index.php?rest_route=%2Fwp%2Fv2%2Fcategories&post=5676"},{"taxonomy":"post_tag","embeddable":true,"href":"https:\/\/www.abbayesaintandre.com\/index.php?rest_route=%2Fwp%2Fv2%2Ftags&post=5676"}],"curies":[{"name":"wp","href":"https:\/\/api.w.org\/{rel}","templated":true}]}}