{"id":5704,"date":"2024-03-22T15:08:54","date_gmt":"2024-03-22T15:08:54","guid":{"rendered":"https:\/\/www.abbayesaintandre.com\/?p=5704"},"modified":"2024-03-22T15:08:54","modified_gmt":"2024-03-22T15:08:54","slug":"la-fukai-exhibition-a-naturalist-fable-by-renaud-robin-from-1-march-to-2-june-2024","status":"publish","type":"post","link":"https:\/\/www.abbayesaintandre.com\/?p=5704","title":{"rendered":"\u00ab\u00a0La Fuka\u00ef\u00a0\u00bb exhibition, a naturalist fable by Renaud Robin from 1 March to 2 June 2024"},"content":{"rendered":"<p>Here we are, plunged into the heart of the creative process led by Aveyron artist Renaud Robin since 2019. This collection, called Fuka\u00ef, will be on show from 1 March to 2 June 2024. Creatures inspired by the fantastic world of Hayao Miyazaki, from the Japanese ecological manga \u00ab\u00a0Nausica\u00e4 of the Valley of the Wind\u00a0\u00bb. With exuberant organic forms as complex and poetic as nature itself, his works project a little-known world. Inventoried as if in a naturalist&rsquo;s collection, we learn from the scenography their scientific name, their biotope or their precise function&#8230; Leaving us to imagine the life of this not so chimerical fauna and flora. Finesse, colours, textures, Renaud Robin knows all about the mysteries and demands of woodcarving. His obsession: inventing new forms and working with emptiness, hence the lightness of the thirty or so pieces on display. This whimsical storyteller invites us to follow him and rediscover the wonder of Nature.<\/p>\n<p>&nbsp;<\/p>\n","protected":false},"excerpt":{"rendered":"<p>Here we are, plunged into the heart of the creative process led by Aveyron artist Renaud Robin since 2019. This collection, called Fuka\u00ef, will be on show from 1 March to 2 June 2024. Creatures inspired by the fantastic world of Hayao Miyazaki, from the Japanese ecological manga \u00ab\u00a0Nausica\u00e4 of the Valley of the Wind\u00a0\u00bb. With exuberant organic forms as [&hellip;]<\/p>\n","protected":false},"author":2,"featured_media":5703,"comment_status":"open","ping_status":"open","sticky":false,"template":"","format":"standard","meta":{"footnotes":""},"categories":[5],"tags":[37,75,56,76,74,73],"class_list":["post-5704","post","type-post","status-publish","format-standard","has-post-thumbnail","hentry","category-exhibition","tag-exhibition","tag-fukai","tag-garden","tag-miyazaki","tag-sculpture","tag-wood"],"yoast_head":"<!-- This site is optimized with the Yoast SEO plugin v27.0 - https:\/\/yoast.com\/product\/yoast-seo-wordpress\/ -->\n<title>&quot;La Fuka\u00ef&quot; exhibition, a naturalist fable by Renaud Robin from 1 March to 2 June 2024 - Abbaye Saint-Andr\u00e9 - Villeneuve-lez-Avignon<\/title>\n<meta name=\"robots\" content=\"index, follow, max-snippet:-1, max-image-preview:large, max-video-preview:-1\" \/>\n<link rel=\"canonical\" href=\"https:\/\/www.abbayesaintandre.com\/?p=5704\" \/>\n<meta property=\"og:locale\" content=\"fr_FR\" \/>\n<meta property=\"og:type\" content=\"article\" \/>\n<meta property=\"og:title\" content=\"&quot;La Fuka\u00ef&quot; exhibition, a naturalist fable by Renaud Robin from 1 March to 2 June 2024 - Abbaye Saint-Andr\u00e9 - Villeneuve-lez-Avignon\" \/>\n<meta property=\"og:description\" content=\"Here we are, plunged into the heart of the creative process led by Aveyron artist Renaud Robin since 2019. This collection, called Fuka\u00ef, will be on show from 1 March to 2 June 2024. Creatures inspired by the fantastic world of Hayao Miyazaki, from the Japanese ecological manga \u00ab\u00a0Nausica\u00e4 of the Valley of the Wind\u00a0\u00bb. With exuberant organic forms as [&hellip;]\" \/>\n<meta property=\"og:url\" content=\"https:\/\/www.abbayesaintandre.com\/?p=5704\" \/>\n<meta property=\"og:site_name\" content=\"Abbaye Saint-Andr\u00e9 - Villeneuve-lez-Avignon\" \/>\n<meta property=\"article:published_time\" content=\"2024-03-22T15:08:54+00:00\" \/>\n<meta property=\"og:image\" content=\"https:\/\/www.abbayesaintandre.com\/wp-content\/uploads\/2024\/03\/AFFICHE-FUKAI-724x1024.jpg\" \/>\n\t<meta property=\"og:image:width\" content=\"724\" \/>\n\t<meta property=\"og:image:height\" content=\"1024\" \/>\n\t<meta property=\"og:image:type\" content=\"image\/jpeg\" \/>\n<meta name=\"author\" content=\"Marie Viennet\" \/>\n<meta name=\"twitter:card\" content=\"summary_large_image\" \/>\n<meta name=\"twitter:label1\" content=\"\u00c9crit par\" \/>\n\t<meta name=\"twitter:data1\" content=\"Marie Viennet\" \/>\n\t<meta name=\"twitter:label2\" content=\"Dur\u00e9e de lecture estim\u00e9e\" \/>\n\t<meta name=\"twitter:data2\" content=\"1 minute\" \/>\n<script type=\"application\/ld+json\" class=\"yoast-schema-graph\">{\"@context\":\"https:\/\/schema.org\",\"@graph\":[{\"@type\":\"Article\",\"@id\":\"https:\/\/www.abbayesaintandre.com\/?p=5704#article\",\"isPartOf\":{\"@id\":\"https:\/\/www.abbayesaintandre.com\/?p=5704\"},\"author\":{\"name\":\"Marie Viennet\",\"@id\":\"https:\/\/www.abbayesaintandre.com\/#\/schema\/person\/e991a87bf1560b3d060bd72b37541068\"},\"headline\":\"\u00ab\u00a0La Fuka\u00ef\u00a0\u00bb exhibition, a naturalist fable by Renaud Robin from 1 March to 2 June 2024\",\"datePublished\":\"2024-03-22T15:08:54+00:00\",\"mainEntityOfPage\":{\"@id\":\"https:\/\/www.abbayesaintandre.com\/?p=5704\"},\"wordCount\":165,\"commentCount\":0,\"image\":{\"@id\":\"https:\/\/www.abbayesaintandre.com\/?p=5704#primaryimage\"},\"thumbnailUrl\":\"https:\/\/www.abbayesaintandre.com\/wp-content\/uploads\/2024\/03\/AFFICHE-FUKAI-scaled.jpg\",\"keywords\":[\"Exhibition\",\"fukai\",\"garden\",\"miyazaki\",\"sculpture\",\"wood\"],\"articleSection\":[\"Exhibition\"],\"inLanguage\":\"fr-FR\",\"potentialAction\":[{\"@type\":\"CommentAction\",\"name\":\"Comment\",\"target\":[\"https:\/\/www.abbayesaintandre.com\/?p=5704#respond\"]}]},{\"@type\":\"WebPage\",\"@id\":\"https:\/\/www.abbayesaintandre.com\/?p=5704\",\"url\":\"https:\/\/www.abbayesaintandre.com\/?p=5704\",\"name\":\"\\\"La Fuka\u00ef\\\" exhibition, a naturalist fable by Renaud Robin from 1 March to 2 June 2024 - Abbaye Saint-Andr\u00e9 - Villeneuve-lez-Avignon\",\"isPartOf\":{\"@id\":\"https:\/\/www.abbayesaintandre.com\/#website\"},\"primaryImageOfPage\":{\"@id\":\"https:\/\/www.abbayesaintandre.com\/?p=5704#primaryimage\"},\"image\":{\"@id\":\"https:\/\/www.abbayesaintandre.com\/?p=5704#primaryimage\"},\"thumbnailUrl\":\"https:\/\/www.abbayesaintandre.com\/wp-content\/uploads\/2024\/03\/AFFICHE-FUKAI-scaled.jpg\",\"datePublished\":\"2024-03-22T15:08:54+00:00\",\"author\":{\"@id\":\"https:\/\/www.abbayesaintandre.com\/#\/schema\/person\/e991a87bf1560b3d060bd72b37541068\"},\"breadcrumb\":{\"@id\":\"https:\/\/www.abbayesaintandre.com\/?p=5704#breadcrumb\"},\"inLanguage\":\"fr-FR\",\"potentialAction\":[{\"@type\":\"ReadAction\",\"target\":[\"https:\/\/www.abbayesaintandre.com\/?p=5704\"]}]},{\"@type\":\"ImageObject\",\"inLanguage\":\"fr-FR\",\"@id\":\"https:\/\/www.abbayesaintandre.com\/?p=5704#primaryimage\",\"url\":\"https:\/\/www.abbayesaintandre.com\/wp-content\/uploads\/2024\/03\/AFFICHE-FUKAI-scaled.jpg\",\"contentUrl\":\"https:\/\/www.abbayesaintandre.com\/wp-content\/uploads\/2024\/03\/AFFICHE-FUKAI-scaled.jpg\",\"width\":1810,\"height\":2560},{\"@type\":\"BreadcrumbList\",\"@id\":\"https:\/\/www.abbayesaintandre.com\/?p=5704#breadcrumb\",\"itemListElement\":[{\"@type\":\"ListItem\",\"position\":1,\"name\":\"Home\",\"item\":\"https:\/\/www.abbayesaintandre.com\/\"},{\"@type\":\"ListItem\",\"position\":2,\"name\":\"\u00ab\u00a0La Fuka\u00ef\u00a0\u00bb exhibition, a naturalist fable by Renaud Robin from 1 March to 2 June 2024\"}]},{\"@type\":\"WebSite\",\"@id\":\"https:\/\/www.abbayesaintandre.com\/#website\",\"url\":\"https:\/\/www.abbayesaintandre.com\/\",\"name\":\"Abbaye Saint-Andr\u00e9 - Villeneuve-lez-Avignon\",\"description\":\"Jardin remarquable &amp; abbey in south of France\",\"potentialAction\":[{\"@type\":\"SearchAction\",\"target\":{\"@type\":\"EntryPoint\",\"urlTemplate\":\"https:\/\/www.abbayesaintandre.com\/?s={search_term_string}\"},\"query-input\":{\"@type\":\"PropertyValueSpecification\",\"valueRequired\":true,\"valueName\":\"search_term_string\"}}],\"inLanguage\":\"fr-FR\"},{\"@type\":\"Person\",\"@id\":\"https:\/\/www.abbayesaintandre.com\/#\/schema\/person\/e991a87bf1560b3d060bd72b37541068\",\"name\":\"Marie Viennet\",\"image\":{\"@type\":\"ImageObject\",\"inLanguage\":\"fr-FR\",\"@id\":\"https:\/\/www.abbayesaintandre.com\/#\/schema\/person\/image\/\",\"url\":\"https:\/\/secure.gravatar.com\/avatar\/84a75e018676a30e65c28807f1aa76dc211b4caff3b02db1bb1f7246c317d59e?s=96&d=mm&r=g\",\"contentUrl\":\"https:\/\/secure.gravatar.com\/avatar\/84a75e018676a30e65c28807f1aa76dc211b4caff3b02db1bb1f7246c317d59e?s=96&d=mm&r=g\",\"caption\":\"Marie Viennet\"},\"url\":\"https:\/\/www.abbayesaintandre.com\/?author=2\"}]}<\/script>\n<!-- \/ Yoast SEO plugin. -->","yoast_head_json":{"title":"\"La Fuka\u00ef\" exhibition, a naturalist fable by Renaud Robin from 1 March to 2 June 2024 - Abbaye Saint-Andr\u00e9 - Villeneuve-lez-Avignon","robots":{"index":"index","follow":"follow","max-snippet":"max-snippet:-1","max-image-preview":"max-image-preview:large","max-video-preview":"max-video-preview:-1"},"canonical":"https:\/\/www.abbayesaintandre.com\/?p=5704","og_locale":"fr_FR","og_type":"article","og_title":"\"La Fuka\u00ef\" exhibition, a naturalist fable by Renaud Robin from 1 March to 2 June 2024 - Abbaye Saint-Andr\u00e9 - Villeneuve-lez-Avignon","og_description":"Here we are, plunged into the heart of the creative process led by Aveyron artist Renaud Robin since 2019. This collection, called Fuka\u00ef, will be on show from 1 March to 2 June 2024. Creatures inspired by the fantastic world of Hayao Miyazaki, from the Japanese ecological manga \u00ab\u00a0Nausica\u00e4 of the Valley of the Wind\u00a0\u00bb. With exuberant organic forms as [&hellip;]","og_url":"https:\/\/www.abbayesaintandre.com\/?p=5704","og_site_name":"Abbaye Saint-Andr\u00e9 - Villeneuve-lez-Avignon","article_published_time":"2024-03-22T15:08:54+00:00","og_image":[{"width":724,"height":1024,"url":"https:\/\/www.abbayesaintandre.com\/wp-content\/uploads\/2024\/03\/AFFICHE-FUKAI-724x1024.jpg","type":"image\/jpeg"}],"author":"Marie Viennet","twitter_card":"summary_large_image","twitter_misc":{"\u00c9crit par":"Marie Viennet","Dur\u00e9e de lecture estim\u00e9e":"1 minute"},"schema":{"@context":"https:\/\/schema.org","@graph":[{"@type":"Article","@id":"https:\/\/www.abbayesaintandre.com\/?p=5704#article","isPartOf":{"@id":"https:\/\/www.abbayesaintandre.com\/?p=5704"},"author":{"name":"Marie Viennet","@id":"https:\/\/www.abbayesaintandre.com\/#\/schema\/person\/e991a87bf1560b3d060bd72b37541068"},"headline":"\u00ab\u00a0La Fuka\u00ef\u00a0\u00bb exhibition, a naturalist fable by Renaud Robin from 1 March to 2 June 2024","datePublished":"2024-03-22T15:08:54+00:00","mainEntityOfPage":{"@id":"https:\/\/www.abbayesaintandre.com\/?p=5704"},"wordCount":165,"commentCount":0,"image":{"@id":"https:\/\/www.abbayesaintandre.com\/?p=5704#primaryimage"},"thumbnailUrl":"https:\/\/www.abbayesaintandre.com\/wp-content\/uploads\/2024\/03\/AFFICHE-FUKAI-scaled.jpg","keywords":["Exhibition","fukai","garden","miyazaki","sculpture","wood"],"articleSection":["Exhibition"],"inLanguage":"fr-FR","potentialAction":[{"@type":"CommentAction","name":"Comment","target":["https:\/\/www.abbayesaintandre.com\/?p=5704#respond"]}]},{"@type":"WebPage","@id":"https:\/\/www.abbayesaintandre.com\/?p=5704","url":"https:\/\/www.abbayesaintandre.com\/?p=5704","name":"\"La Fuka\u00ef\" exhibition, a naturalist fable by Renaud Robin from 1 March to 2 June 2024 - Abbaye Saint-Andr\u00e9 - Villeneuve-lez-Avignon","isPartOf":{"@id":"https:\/\/www.abbayesaintandre.com\/#website"},"primaryImageOfPage":{"@id":"https:\/\/www.abbayesaintandre.com\/?p=5704#primaryimage"},"image":{"@id":"https:\/\/www.abbayesaintandre.com\/?p=5704#primaryimage"},"thumbnailUrl":"https:\/\/www.abbayesaintandre.com\/wp-content\/uploads\/2024\/03\/AFFICHE-FUKAI-scaled.jpg","datePublished":"2024-03-22T15:08:54+00:00","author":{"@id":"https:\/\/www.abbayesaintandre.com\/#\/schema\/person\/e991a87bf1560b3d060bd72b37541068"},"breadcrumb":{"@id":"https:\/\/www.abbayesaintandre.com\/?p=5704#breadcrumb"},"inLanguage":"fr-FR","potentialAction":[{"@type":"ReadAction","target":["https:\/\/www.abbayesaintandre.com\/?p=5704"]}]},{"@type":"ImageObject","inLanguage":"fr-FR","@id":"https:\/\/www.abbayesaintandre.com\/?p=5704#primaryimage","url":"https:\/\/www.abbayesaintandre.com\/wp-content\/uploads\/2024\/03\/AFFICHE-FUKAI-scaled.jpg","contentUrl":"https:\/\/www.abbayesaintandre.com\/wp-content\/uploads\/2024\/03\/AFFICHE-FUKAI-scaled.jpg","width":1810,"height":2560},{"@type":"BreadcrumbList","@id":"https:\/\/www.abbayesaintandre.com\/?p=5704#breadcrumb","itemListElement":[{"@type":"ListItem","position":1,"name":"Home","item":"https:\/\/www.abbayesaintandre.com\/"},{"@type":"ListItem","position":2,"name":"\u00ab\u00a0La Fuka\u00ef\u00a0\u00bb exhibition, a naturalist fable by Renaud Robin from 1 March to 2 June 2024"}]},{"@type":"WebSite","@id":"https:\/\/www.abbayesaintandre.com\/#website","url":"https:\/\/www.abbayesaintandre.com\/","name":"Abbaye Saint-Andr\u00e9 - Villeneuve-lez-Avignon","description":"Jardin remarquable &amp; abbey in south of France","potentialAction":[{"@type":"SearchAction","target":{"@type":"EntryPoint","urlTemplate":"https:\/\/www.abbayesaintandre.com\/?s={search_term_string}"},"query-input":{"@type":"PropertyValueSpecification","valueRequired":true,"valueName":"search_term_string"}}],"inLanguage":"fr-FR"},{"@type":"Person","@id":"https:\/\/www.abbayesaintandre.com\/#\/schema\/person\/e991a87bf1560b3d060bd72b37541068","name":"Marie Viennet","image":{"@type":"ImageObject","inLanguage":"fr-FR","@id":"https:\/\/www.abbayesaintandre.com\/#\/schema\/person\/image\/","url":"https:\/\/secure.gravatar.com\/avatar\/84a75e018676a30e65c28807f1aa76dc211b4caff3b02db1bb1f7246c317d59e?s=96&d=mm&r=g","contentUrl":"https:\/\/secure.gravatar.com\/avatar\/84a75e018676a30e65c28807f1aa76dc211b4caff3b02db1bb1f7246c317d59e?s=96&d=mm&r=g","caption":"Marie Viennet"},"url":"https:\/\/www.abbayesaintandre.com\/?author=2"}]}},"_links":{"self":[{"href":"https:\/\/www.abbayesaintandre.com\/index.php?rest_route=\/wp\/v2\/posts\/5704","targetHints":{"allow":["GET"]}}],"collection":[{"href":"https:\/\/www.abbayesaintandre.com\/index.php?rest_route=\/wp\/v2\/posts"}],"about":[{"href":"https:\/\/www.abbayesaintandre.com\/index.php?rest_route=\/wp\/v2\/types\/post"}],"author":[{"embeddable":true,"href":"https:\/\/www.abbayesaintandre.com\/index.php?rest_route=\/wp\/v2\/users\/2"}],"replies":[{"embeddable":true,"href":"https:\/\/www.abbayesaintandre.com\/index.php?rest_route=%2Fwp%2Fv2%2Fcomments&post=5704"}],"version-history":[{"count":1,"href":"https:\/\/www.abbayesaintandre.com\/index.php?rest_route=\/wp\/v2\/posts\/5704\/revisions"}],"predecessor-version":[{"id":5705,"href":"https:\/\/www.abbayesaintandre.com\/index.php?rest_route=\/wp\/v2\/posts\/5704\/revisions\/5705"}],"wp:featuredmedia":[{"embeddable":true,"href":"https:\/\/www.abbayesaintandre.com\/index.php?rest_route=\/wp\/v2\/media\/5703"}],"wp:attachment":[{"href":"https:\/\/www.abbayesaintandre.com\/index.php?rest_route=%2Fwp%2Fv2%2Fmedia&parent=5704"}],"wp:term":[{"taxonomy":"category","embeddable":true,"href":"https:\/\/www.abbayesaintandre.com\/index.php?rest_route=%2Fwp%2Fv2%2Fcategories&post=5704"},{"taxonomy":"post_tag","embeddable":true,"href":"https:\/\/www.abbayesaintandre.com\/index.php?rest_route=%2Fwp%2Fv2%2Ftags&post=5704"}],"curies":[{"name":"wp","href":"https:\/\/api.w.org\/{rel}","templated":true}]}}