{"id":5712,"date":"2024-03-21T15:33:17","date_gmt":"2024-03-21T15:33:17","guid":{"rendered":"https:\/\/www.abbayesaintandre.com\/?p=5712"},"modified":"2024-03-22T15:34:16","modified_gmt":"2024-03-22T15:34:16","slug":"rendez-vous-aux-jardins-1st-2-june-2024","status":"publish","type":"post","link":"https:\/\/www.abbayesaintandre.com\/?p=5712","title":{"rendered":"\u00ab\u00a0Rendez-vous aux jardins\u00a0\u00bb 1st &#038; 2 June 2024"},"content":{"rendered":"<p><span style=\"color: #0000ff;\"><strong>Saturday 1st June :<\/strong><\/span><\/p>\n<p><strong>Botanical guided tours with the abbey gardener Romain Lestruhaut<\/strong><\/p>\n<p>11am, 2pm and 4pm on the theme \u00ab\u00a0The five senses in the garden\u00a0\u00bb.<br \/>\nTours with our gardener Romain Lestruhaut, a companion with a passion for dry gardens. He will take visitors through the paths to discover the incredible Mediterranean flora on the theme of the \u00ab\u00a0Five Senses\u00a0\u00bb.<br \/>\nBookings required 04 90 25 55 95 or info@abbayesaintandre.fr<\/p>\n<p><strong>Guided storytelling tours with artist Renaud Robin<\/strong> to coincide with his exhibition in the abbey \u00ab\u00a0La Fuka\u00ef, une fable naturaliste\u00a0\u00bb (The Fuka\u00ef, a naturalist fable)<\/p>\n<p>11 am, 2 pm and 4 pm<br \/>\nA mischievous moment in which this woodcarver and storyteller magically lets us into his playful and scientific para-natural world, which originated in the meanders of the Aveyron forest.<\/p>\n<p><strong>Chantefleurs concert<\/strong><\/p>\n<p>19h<br \/>\nBaritone and cellist Pierre-Fran\u00e7ois Lamiraud and romantic guitarist Lo\u00efc Reboul put gardens into words and music. A recital where music and sung poetry unite around the surrealist poems of Robert Desnos, the fables of La Fontaine and the words of love of Marguerite Yourcenar. An intoxicating mix of fragrance and poetry, a vibrant ode to the flowering world.<br \/>\nPrice \u20ac25 (\u20ac20 for Abbaye Pass holders) &#8211; booking required<\/p>\n<p><a href=\"https:\/\/www.helloasso.com\/associations\/arts-et-humanites\/evenements\/recital-lyrique-et-poetique-chantefleurs\">https:\/\/www.helloasso.com\/associations\/arts-et-humanites\/evenements\/recital-lyrique-et-poetique-chantefleurs<\/a><\/p>\n<p><strong><span style=\"color: #0000ff;\">Sunday 2 June:<\/span><\/strong><\/p>\n<p><strong>Guided tours with the artist Renaud Robin<\/strong> on the occasion of his exhibition in the abbey \u00ab\u00a0La Fuka\u00ef, une fable naturaliste\u00a0\u00bb (The Fuka\u00ef, a naturalist fable)<br \/>\n11 am, 2 pm and 4 pm<br \/>\nA mischievous moment in which this woodcarver and storyteller magically lets us into his playful and scientific para-natural world, which originated in the meanders of the Aveyron forest.<\/p>\n<p><strong>Botanical concert by Emma Daumas \u00ab\u00a0Comment les fleurs s\u00e8ment\u00a0\u00bb (How flowers sow)<\/strong><\/p>\n<p>16h<br \/>\nBotanical concert by singer and novelist Emma Daumas (vocals) and Alain Derobert (guitar), a researcher and artist who transforms mathematical equations into poetic tools. Weaving together great notions and great songs, these two artists from Avignon tell us about the love of plants and humans, and take over the gardens of the abbey with delight.<br \/>\nEmma Daumas (vocals) and Laurent Derobert (guitar) &#8211; photo Julia Rieke<br \/>\nBookings required 04 90 25 55 95 or info@abbayesaintandre.fr<\/p>\n<p><span style=\"text-decoration: underline;\"><strong>Rates for the Rendez-vous in the Gardens<\/strong><\/span><br \/>\nGarden admission 1 &amp; 2 June: reduced rate \u20ac7.50 | free for under-18s, jobseekers and disabled visitors<br \/>\nActivities and visits included in the price of admission (except Chantefleurs on Saturday evening)<\/p>\n","protected":false},"excerpt":{"rendered":"<p>Saturday 1st June : Botanical guided tours with the abbey gardener Romain Lestruhaut 11am, 2pm and 4pm on the theme \u00ab\u00a0The five senses in the garden\u00a0\u00bb. Tours with our gardener Romain Lestruhaut, a companion with a passion for dry gardens. He will take visitors through the paths to discover the incredible Mediterranean flora on the theme of the \u00ab\u00a0Five Senses\u00a0\u00bb. [&hellip;]<\/p>\n","protected":false},"author":2,"featured_media":5713,"comment_status":"open","ping_status":"open","sticky":false,"template":"","format":"standard","meta":{"footnotes":""},"categories":[2,3,5],"tags":[84,85,82,57,81,83],"class_list":["post-5712","post","type-post","status-publish","format-standard","has-post-thumbnail","hentry","category-activities","category-concert","category-exhibition","tag-botanique","tag-concert-lyrique","tag-emma-daumas","tag-jardin-remarquable","tag-rendez-vous-aux-jardins","tag-visite-guidee-botanique"],"yoast_head":"<!-- This site is optimized with the Yoast SEO plugin v27.0 - https:\/\/yoast.com\/product\/yoast-seo-wordpress\/ -->\n<title>&quot;Rendez-vous aux jardins&quot; 1st &amp; 2 June 2024 - Abbaye Saint-Andr\u00e9 - Villeneuve-lez-Avignon<\/title>\n<meta name=\"robots\" content=\"index, follow, max-snippet:-1, max-image-preview:large, max-video-preview:-1\" \/>\n<link rel=\"canonical\" href=\"https:\/\/www.abbayesaintandre.com\/?p=5712\" \/>\n<meta property=\"og:locale\" content=\"fr_FR\" \/>\n<meta property=\"og:type\" content=\"article\" \/>\n<meta property=\"og:title\" content=\"&quot;Rendez-vous aux jardins&quot; 1st &amp; 2 June 2024 - Abbaye Saint-Andr\u00e9 - Villeneuve-lez-Avignon\" \/>\n<meta property=\"og:description\" content=\"Saturday 1st June : Botanical guided tours with the abbey gardener Romain Lestruhaut 11am, 2pm and 4pm on the theme \u00ab\u00a0The five senses in the garden\u00a0\u00bb. Tours with our gardener Romain Lestruhaut, a companion with a passion for dry gardens. He will take visitors through the paths to discover the incredible Mediterranean flora on the theme of the \u00ab\u00a0Five Senses\u00a0\u00bb. [&hellip;]\" \/>\n<meta property=\"og:url\" content=\"https:\/\/www.abbayesaintandre.com\/?p=5712\" \/>\n<meta property=\"og:site_name\" content=\"Abbaye Saint-Andr\u00e9 - Villeneuve-lez-Avignon\" \/>\n<meta property=\"article:published_time\" content=\"2024-03-21T15:33:17+00:00\" \/>\n<meta property=\"article:modified_time\" content=\"2024-03-22T15:34:16+00:00\" \/>\n<meta property=\"og:image\" content=\"https:\/\/www.abbayesaintandre.com\/wp-content\/uploads\/2024\/03\/RDVJ24_Affiche_A4-734x1024.jpg\" \/>\n\t<meta property=\"og:image:width\" content=\"734\" \/>\n\t<meta property=\"og:image:height\" content=\"1024\" \/>\n\t<meta property=\"og:image:type\" content=\"image\/jpeg\" \/>\n<meta name=\"author\" content=\"Marie Viennet\" \/>\n<meta name=\"twitter:card\" content=\"summary_large_image\" \/>\n<meta name=\"twitter:label1\" content=\"\u00c9crit par\" \/>\n\t<meta name=\"twitter:data1\" content=\"Marie Viennet\" \/>\n\t<meta name=\"twitter:label2\" content=\"Dur\u00e9e de lecture estim\u00e9e\" \/>\n\t<meta name=\"twitter:data2\" content=\"2 minutes\" \/>\n<script type=\"application\/ld+json\" class=\"yoast-schema-graph\">{\"@context\":\"https:\/\/schema.org\",\"@graph\":[{\"@type\":\"Article\",\"@id\":\"https:\/\/www.abbayesaintandre.com\/?p=5712#article\",\"isPartOf\":{\"@id\":\"https:\/\/www.abbayesaintandre.com\/?p=5712\"},\"author\":{\"name\":\"Marie Viennet\",\"@id\":\"https:\/\/www.abbayesaintandre.com\/#\/schema\/person\/e991a87bf1560b3d060bd72b37541068\"},\"headline\":\"\u00ab\u00a0Rendez-vous aux jardins\u00a0\u00bb 1st &#038; 2 June 2024\",\"datePublished\":\"2024-03-21T15:33:17+00:00\",\"dateModified\":\"2024-03-22T15:34:16+00:00\",\"mainEntityOfPage\":{\"@id\":\"https:\/\/www.abbayesaintandre.com\/?p=5712\"},\"wordCount\":387,\"commentCount\":0,\"image\":{\"@id\":\"https:\/\/www.abbayesaintandre.com\/?p=5712#primaryimage\"},\"thumbnailUrl\":\"https:\/\/www.abbayesaintandre.com\/wp-content\/uploads\/2024\/03\/RDVJ24_Affiche_A4.jpg\",\"keywords\":[\"botanique\",\"concert lyrique\",\"emma daumas\",\"jardin remarquable\",\"rendez-vous aux jardins\",\"visite guid\u00e9e botanique\"],\"articleSection\":[\"Activities\",\"Concert\",\"Exhibition\"],\"inLanguage\":\"fr-FR\",\"potentialAction\":[{\"@type\":\"CommentAction\",\"name\":\"Comment\",\"target\":[\"https:\/\/www.abbayesaintandre.com\/?p=5712#respond\"]}]},{\"@type\":\"WebPage\",\"@id\":\"https:\/\/www.abbayesaintandre.com\/?p=5712\",\"url\":\"https:\/\/www.abbayesaintandre.com\/?p=5712\",\"name\":\"\\\"Rendez-vous aux jardins\\\" 1st & 2 June 2024 - Abbaye Saint-Andr\u00e9 - Villeneuve-lez-Avignon\",\"isPartOf\":{\"@id\":\"https:\/\/www.abbayesaintandre.com\/#website\"},\"primaryImageOfPage\":{\"@id\":\"https:\/\/www.abbayesaintandre.com\/?p=5712#primaryimage\"},\"image\":{\"@id\":\"https:\/\/www.abbayesaintandre.com\/?p=5712#primaryimage\"},\"thumbnailUrl\":\"https:\/\/www.abbayesaintandre.com\/wp-content\/uploads\/2024\/03\/RDVJ24_Affiche_A4.jpg\",\"datePublished\":\"2024-03-21T15:33:17+00:00\",\"dateModified\":\"2024-03-22T15:34:16+00:00\",\"author\":{\"@id\":\"https:\/\/www.abbayesaintandre.com\/#\/schema\/person\/e991a87bf1560b3d060bd72b37541068\"},\"breadcrumb\":{\"@id\":\"https:\/\/www.abbayesaintandre.com\/?p=5712#breadcrumb\"},\"inLanguage\":\"fr-FR\",\"potentialAction\":[{\"@type\":\"ReadAction\",\"target\":[\"https:\/\/www.abbayesaintandre.com\/?p=5712\"]}]},{\"@type\":\"ImageObject\",\"inLanguage\":\"fr-FR\",\"@id\":\"https:\/\/www.abbayesaintandre.com\/?p=5712#primaryimage\",\"url\":\"https:\/\/www.abbayesaintandre.com\/wp-content\/uploads\/2024\/03\/RDVJ24_Affiche_A4.jpg\",\"contentUrl\":\"https:\/\/www.abbayesaintandre.com\/wp-content\/uploads\/2024\/03\/RDVJ24_Affiche_A4.jpg\",\"width\":1378,\"height\":1923},{\"@type\":\"BreadcrumbList\",\"@id\":\"https:\/\/www.abbayesaintandre.com\/?p=5712#breadcrumb\",\"itemListElement\":[{\"@type\":\"ListItem\",\"position\":1,\"name\":\"Home\",\"item\":\"https:\/\/www.abbayesaintandre.com\/\"},{\"@type\":\"ListItem\",\"position\":2,\"name\":\"\u00ab\u00a0Rendez-vous aux jardins\u00a0\u00bb 1st &#038; 2 June 2024\"}]},{\"@type\":\"WebSite\",\"@id\":\"https:\/\/www.abbayesaintandre.com\/#website\",\"url\":\"https:\/\/www.abbayesaintandre.com\/\",\"name\":\"Abbaye Saint-Andr\u00e9 - Villeneuve-lez-Avignon\",\"description\":\"Jardin remarquable &amp; abbey in south of France\",\"potentialAction\":[{\"@type\":\"SearchAction\",\"target\":{\"@type\":\"EntryPoint\",\"urlTemplate\":\"https:\/\/www.abbayesaintandre.com\/?s={search_term_string}\"},\"query-input\":{\"@type\":\"PropertyValueSpecification\",\"valueRequired\":true,\"valueName\":\"search_term_string\"}}],\"inLanguage\":\"fr-FR\"},{\"@type\":\"Person\",\"@id\":\"https:\/\/www.abbayesaintandre.com\/#\/schema\/person\/e991a87bf1560b3d060bd72b37541068\",\"name\":\"Marie Viennet\",\"image\":{\"@type\":\"ImageObject\",\"inLanguage\":\"fr-FR\",\"@id\":\"https:\/\/www.abbayesaintandre.com\/#\/schema\/person\/image\/\",\"url\":\"https:\/\/secure.gravatar.com\/avatar\/84a75e018676a30e65c28807f1aa76dc211b4caff3b02db1bb1f7246c317d59e?s=96&d=mm&r=g\",\"contentUrl\":\"https:\/\/secure.gravatar.com\/avatar\/84a75e018676a30e65c28807f1aa76dc211b4caff3b02db1bb1f7246c317d59e?s=96&d=mm&r=g\",\"caption\":\"Marie Viennet\"},\"url\":\"https:\/\/www.abbayesaintandre.com\/?author=2\"}]}<\/script>\n<!-- \/ Yoast SEO plugin. -->","yoast_head_json":{"title":"\"Rendez-vous aux jardins\" 1st & 2 June 2024 - Abbaye Saint-Andr\u00e9 - Villeneuve-lez-Avignon","robots":{"index":"index","follow":"follow","max-snippet":"max-snippet:-1","max-image-preview":"max-image-preview:large","max-video-preview":"max-video-preview:-1"},"canonical":"https:\/\/www.abbayesaintandre.com\/?p=5712","og_locale":"fr_FR","og_type":"article","og_title":"\"Rendez-vous aux jardins\" 1st & 2 June 2024 - Abbaye Saint-Andr\u00e9 - Villeneuve-lez-Avignon","og_description":"Saturday 1st June : Botanical guided tours with the abbey gardener Romain Lestruhaut 11am, 2pm and 4pm on the theme \u00ab\u00a0The five senses in the garden\u00a0\u00bb. Tours with our gardener Romain Lestruhaut, a companion with a passion for dry gardens. He will take visitors through the paths to discover the incredible Mediterranean flora on the theme of the \u00ab\u00a0Five Senses\u00a0\u00bb. [&hellip;]","og_url":"https:\/\/www.abbayesaintandre.com\/?p=5712","og_site_name":"Abbaye Saint-Andr\u00e9 - Villeneuve-lez-Avignon","article_published_time":"2024-03-21T15:33:17+00:00","article_modified_time":"2024-03-22T15:34:16+00:00","og_image":[{"width":734,"height":1024,"url":"https:\/\/www.abbayesaintandre.com\/wp-content\/uploads\/2024\/03\/RDVJ24_Affiche_A4-734x1024.jpg","type":"image\/jpeg"}],"author":"Marie Viennet","twitter_card":"summary_large_image","twitter_misc":{"\u00c9crit par":"Marie Viennet","Dur\u00e9e de lecture estim\u00e9e":"2 minutes"},"schema":{"@context":"https:\/\/schema.org","@graph":[{"@type":"Article","@id":"https:\/\/www.abbayesaintandre.com\/?p=5712#article","isPartOf":{"@id":"https:\/\/www.abbayesaintandre.com\/?p=5712"},"author":{"name":"Marie Viennet","@id":"https:\/\/www.abbayesaintandre.com\/#\/schema\/person\/e991a87bf1560b3d060bd72b37541068"},"headline":"\u00ab\u00a0Rendez-vous aux jardins\u00a0\u00bb 1st &#038; 2 June 2024","datePublished":"2024-03-21T15:33:17+00:00","dateModified":"2024-03-22T15:34:16+00:00","mainEntityOfPage":{"@id":"https:\/\/www.abbayesaintandre.com\/?p=5712"},"wordCount":387,"commentCount":0,"image":{"@id":"https:\/\/www.abbayesaintandre.com\/?p=5712#primaryimage"},"thumbnailUrl":"https:\/\/www.abbayesaintandre.com\/wp-content\/uploads\/2024\/03\/RDVJ24_Affiche_A4.jpg","keywords":["botanique","concert lyrique","emma daumas","jardin remarquable","rendez-vous aux jardins","visite guid\u00e9e botanique"],"articleSection":["Activities","Concert","Exhibition"],"inLanguage":"fr-FR","potentialAction":[{"@type":"CommentAction","name":"Comment","target":["https:\/\/www.abbayesaintandre.com\/?p=5712#respond"]}]},{"@type":"WebPage","@id":"https:\/\/www.abbayesaintandre.com\/?p=5712","url":"https:\/\/www.abbayesaintandre.com\/?p=5712","name":"\"Rendez-vous aux jardins\" 1st & 2 June 2024 - Abbaye Saint-Andr\u00e9 - Villeneuve-lez-Avignon","isPartOf":{"@id":"https:\/\/www.abbayesaintandre.com\/#website"},"primaryImageOfPage":{"@id":"https:\/\/www.abbayesaintandre.com\/?p=5712#primaryimage"},"image":{"@id":"https:\/\/www.abbayesaintandre.com\/?p=5712#primaryimage"},"thumbnailUrl":"https:\/\/www.abbayesaintandre.com\/wp-content\/uploads\/2024\/03\/RDVJ24_Affiche_A4.jpg","datePublished":"2024-03-21T15:33:17+00:00","dateModified":"2024-03-22T15:34:16+00:00","author":{"@id":"https:\/\/www.abbayesaintandre.com\/#\/schema\/person\/e991a87bf1560b3d060bd72b37541068"},"breadcrumb":{"@id":"https:\/\/www.abbayesaintandre.com\/?p=5712#breadcrumb"},"inLanguage":"fr-FR","potentialAction":[{"@type":"ReadAction","target":["https:\/\/www.abbayesaintandre.com\/?p=5712"]}]},{"@type":"ImageObject","inLanguage":"fr-FR","@id":"https:\/\/www.abbayesaintandre.com\/?p=5712#primaryimage","url":"https:\/\/www.abbayesaintandre.com\/wp-content\/uploads\/2024\/03\/RDVJ24_Affiche_A4.jpg","contentUrl":"https:\/\/www.abbayesaintandre.com\/wp-content\/uploads\/2024\/03\/RDVJ24_Affiche_A4.jpg","width":1378,"height":1923},{"@type":"BreadcrumbList","@id":"https:\/\/www.abbayesaintandre.com\/?p=5712#breadcrumb","itemListElement":[{"@type":"ListItem","position":1,"name":"Home","item":"https:\/\/www.abbayesaintandre.com\/"},{"@type":"ListItem","position":2,"name":"\u00ab\u00a0Rendez-vous aux jardins\u00a0\u00bb 1st &#038; 2 June 2024"}]},{"@type":"WebSite","@id":"https:\/\/www.abbayesaintandre.com\/#website","url":"https:\/\/www.abbayesaintandre.com\/","name":"Abbaye Saint-Andr\u00e9 - Villeneuve-lez-Avignon","description":"Jardin remarquable &amp; abbey in south of France","potentialAction":[{"@type":"SearchAction","target":{"@type":"EntryPoint","urlTemplate":"https:\/\/www.abbayesaintandre.com\/?s={search_term_string}"},"query-input":{"@type":"PropertyValueSpecification","valueRequired":true,"valueName":"search_term_string"}}],"inLanguage":"fr-FR"},{"@type":"Person","@id":"https:\/\/www.abbayesaintandre.com\/#\/schema\/person\/e991a87bf1560b3d060bd72b37541068","name":"Marie Viennet","image":{"@type":"ImageObject","inLanguage":"fr-FR","@id":"https:\/\/www.abbayesaintandre.com\/#\/schema\/person\/image\/","url":"https:\/\/secure.gravatar.com\/avatar\/84a75e018676a30e65c28807f1aa76dc211b4caff3b02db1bb1f7246c317d59e?s=96&d=mm&r=g","contentUrl":"https:\/\/secure.gravatar.com\/avatar\/84a75e018676a30e65c28807f1aa76dc211b4caff3b02db1bb1f7246c317d59e?s=96&d=mm&r=g","caption":"Marie Viennet"},"url":"https:\/\/www.abbayesaintandre.com\/?author=2"}]}},"_links":{"self":[{"href":"https:\/\/www.abbayesaintandre.com\/index.php?rest_route=\/wp\/v2\/posts\/5712","targetHints":{"allow":["GET"]}}],"collection":[{"href":"https:\/\/www.abbayesaintandre.com\/index.php?rest_route=\/wp\/v2\/posts"}],"about":[{"href":"https:\/\/www.abbayesaintandre.com\/index.php?rest_route=\/wp\/v2\/types\/post"}],"author":[{"embeddable":true,"href":"https:\/\/www.abbayesaintandre.com\/index.php?rest_route=\/wp\/v2\/users\/2"}],"replies":[{"embeddable":true,"href":"https:\/\/www.abbayesaintandre.com\/index.php?rest_route=%2Fwp%2Fv2%2Fcomments&post=5712"}],"version-history":[{"count":1,"href":"https:\/\/www.abbayesaintandre.com\/index.php?rest_route=\/wp\/v2\/posts\/5712\/revisions"}],"predecessor-version":[{"id":5714,"href":"https:\/\/www.abbayesaintandre.com\/index.php?rest_route=\/wp\/v2\/posts\/5712\/revisions\/5714"}],"wp:featuredmedia":[{"embeddable":true,"href":"https:\/\/www.abbayesaintandre.com\/index.php?rest_route=\/wp\/v2\/media\/5713"}],"wp:attachment":[{"href":"https:\/\/www.abbayesaintandre.com\/index.php?rest_route=%2Fwp%2Fv2%2Fmedia&parent=5712"}],"wp:term":[{"taxonomy":"category","embeddable":true,"href":"https:\/\/www.abbayesaintandre.com\/index.php?rest_route=%2Fwp%2Fv2%2Fcategories&post=5712"},{"taxonomy":"post_tag","embeddable":true,"href":"https:\/\/www.abbayesaintandre.com\/index.php?rest_route=%2Fwp%2Fv2%2Ftags&post=5712"}],"curies":[{"name":"wp","href":"https:\/\/api.w.org\/{rel}","templated":true}]}}