{"id":5718,"date":"2024-03-19T15:39:04","date_gmt":"2024-03-19T15:39:04","guid":{"rendered":"https:\/\/www.abbayesaintandre.com\/?p=5718"},"modified":"2024-03-22T15:42:01","modified_gmt":"2024-03-22T15:42:01","slug":"au-fil-du-lin-et-du-chanvre-exhibition-by-joanna-staniszkis-from-4-september-to-31-october-2024","status":"publish","type":"post","link":"https:\/\/www.abbayesaintandre.com\/?p=5718","title":{"rendered":"\u00ab\u00a0Au fil du lin et du chanvre\u00a0\u00bb exhibition by Joanna Staniszkis from 4 September to 31 October 2024"},"content":{"rendered":"<p>Joanna Staniszkis studied fine art in Warsaw and then at the Academy of Art in Chicago. She taught for many years in Canada, particularly in textile design and historical costumes. At the same time, she was creating tapestries in her studio, with a predilection for textures, hand-spun materials, natural dyes, plastic and technical exploration, and the desire always to create works that would last. \u00ab\u00a0She finds inspiration and knowledge in the rich and vast vocabulary of fabrics. Now based in the Lub\u00e9ron region of France, her contemporary designs feature translucent prints on silk and gauze, reflecting the evolution of nature: growth, tangled branches or roots, rotting, delicately woven nests&#8230; Printing, dyeing, stamping and pleating are all mastered with lightness, giving rise to magical installations and garments&#8230; With a historical bias that, after silk, embraces linen and hemp fabrics, echoing the ancestral knowledge of Provence.<\/p>\n","protected":false},"excerpt":{"rendered":"<p>Joanna Staniszkis studied fine art in Warsaw and then at the Academy of Art in Chicago. She taught for many years in Canada, particularly in textile design and historical costumes. At the same time, she was creating tapestries in her studio, with a predilection for textures, hand-spun materials, natural dyes, plastic and technical exploration, and the desire always to create [&hellip;]<\/p>\n","protected":false},"author":2,"featured_media":5719,"comment_status":"open","ping_status":"open","sticky":false,"template":"","format":"standard","meta":{"footnotes":""},"categories":[5],"tags":[92,86,89,91,90],"class_list":["post-5718","post","type-post","status-publish","format-standard","has-post-thumbnail","hentry","category-exhibition","tag-chanvre","tag-exposition","tag-joanna-staniszkis","tag-lin","tag-textile"],"yoast_head":"<!-- This site is optimized with the Yoast SEO plugin v27.0 - https:\/\/yoast.com\/product\/yoast-seo-wordpress\/ -->\n<title>&quot;Au fil du lin et du chanvre&quot; exhibition by Joanna Staniszkis from 4 September to 31 October 2024 - Abbaye Saint-Andr\u00e9 - Villeneuve-lez-Avignon<\/title>\n<meta name=\"robots\" content=\"index, follow, max-snippet:-1, max-image-preview:large, max-video-preview:-1\" \/>\n<link rel=\"canonical\" href=\"https:\/\/www.abbayesaintandre.com\/?p=5718\" \/>\n<meta property=\"og:locale\" content=\"fr_FR\" \/>\n<meta property=\"og:type\" content=\"article\" \/>\n<meta property=\"og:title\" content=\"&quot;Au fil du lin et du chanvre&quot; exhibition by Joanna Staniszkis from 4 September to 31 October 2024 - Abbaye Saint-Andr\u00e9 - Villeneuve-lez-Avignon\" \/>\n<meta property=\"og:description\" content=\"Joanna Staniszkis studied fine art in Warsaw and then at the Academy of Art in Chicago. She taught for many years in Canada, particularly in textile design and historical costumes. At the same time, she was creating tapestries in her studio, with a predilection for textures, hand-spun materials, natural dyes, plastic and technical exploration, and the desire always to create [&hellip;]\" \/>\n<meta property=\"og:url\" content=\"https:\/\/www.abbayesaintandre.com\/?p=5718\" \/>\n<meta property=\"og:site_name\" content=\"Abbaye Saint-Andr\u00e9 - Villeneuve-lez-Avignon\" \/>\n<meta property=\"article:published_time\" content=\"2024-03-19T15:39:04+00:00\" \/>\n<meta property=\"article:modified_time\" content=\"2024-03-22T15:42:01+00:00\" \/>\n<meta property=\"og:image\" content=\"https:\/\/www.abbayesaintandre.com\/wp-content\/uploads\/2024\/03\/IMG_1027-1024x768.jpg\" \/>\n\t<meta property=\"og:image:width\" content=\"1024\" \/>\n\t<meta property=\"og:image:height\" content=\"768\" \/>\n\t<meta property=\"og:image:type\" content=\"image\/jpeg\" \/>\n<meta name=\"author\" content=\"Marie Viennet\" \/>\n<meta name=\"twitter:card\" content=\"summary_large_image\" \/>\n<meta name=\"twitter:label1\" content=\"\u00c9crit par\" \/>\n\t<meta name=\"twitter:data1\" content=\"Marie Viennet\" \/>\n\t<meta name=\"twitter:label2\" content=\"Dur\u00e9e de lecture estim\u00e9e\" \/>\n\t<meta name=\"twitter:data2\" content=\"1 minute\" \/>\n<script type=\"application\/ld+json\" class=\"yoast-schema-graph\">{\"@context\":\"https:\/\/schema.org\",\"@graph\":[{\"@type\":\"Article\",\"@id\":\"https:\/\/www.abbayesaintandre.com\/?p=5718#article\",\"isPartOf\":{\"@id\":\"https:\/\/www.abbayesaintandre.com\/?p=5718\"},\"author\":{\"name\":\"Marie Viennet\",\"@id\":\"https:\/\/www.abbayesaintandre.com\/#\/schema\/person\/e991a87bf1560b3d060bd72b37541068\"},\"headline\":\"\u00ab\u00a0Au fil du lin et du chanvre\u00a0\u00bb exhibition by Joanna Staniszkis from 4 September to 31 October 2024\",\"datePublished\":\"2024-03-19T15:39:04+00:00\",\"dateModified\":\"2024-03-22T15:42:01+00:00\",\"mainEntityOfPage\":{\"@id\":\"https:\/\/www.abbayesaintandre.com\/?p=5718\"},\"wordCount\":160,\"commentCount\":0,\"image\":{\"@id\":\"https:\/\/www.abbayesaintandre.com\/?p=5718#primaryimage\"},\"thumbnailUrl\":\"https:\/\/www.abbayesaintandre.com\/wp-content\/uploads\/2024\/03\/IMG_1027-scaled.jpg\",\"keywords\":[\"chanvre\",\"exposition\",\"Joanna Staniszkis\",\"lin\",\"textile\"],\"articleSection\":[\"Exhibition\"],\"inLanguage\":\"fr-FR\",\"potentialAction\":[{\"@type\":\"CommentAction\",\"name\":\"Comment\",\"target\":[\"https:\/\/www.abbayesaintandre.com\/?p=5718#respond\"]}]},{\"@type\":\"WebPage\",\"@id\":\"https:\/\/www.abbayesaintandre.com\/?p=5718\",\"url\":\"https:\/\/www.abbayesaintandre.com\/?p=5718\",\"name\":\"\\\"Au fil du lin et du chanvre\\\" exhibition by Joanna Staniszkis from 4 September to 31 October 2024 - Abbaye Saint-Andr\u00e9 - Villeneuve-lez-Avignon\",\"isPartOf\":{\"@id\":\"https:\/\/www.abbayesaintandre.com\/#website\"},\"primaryImageOfPage\":{\"@id\":\"https:\/\/www.abbayesaintandre.com\/?p=5718#primaryimage\"},\"image\":{\"@id\":\"https:\/\/www.abbayesaintandre.com\/?p=5718#primaryimage\"},\"thumbnailUrl\":\"https:\/\/www.abbayesaintandre.com\/wp-content\/uploads\/2024\/03\/IMG_1027-scaled.jpg\",\"datePublished\":\"2024-03-19T15:39:04+00:00\",\"dateModified\":\"2024-03-22T15:42:01+00:00\",\"author\":{\"@id\":\"https:\/\/www.abbayesaintandre.com\/#\/schema\/person\/e991a87bf1560b3d060bd72b37541068\"},\"breadcrumb\":{\"@id\":\"https:\/\/www.abbayesaintandre.com\/?p=5718#breadcrumb\"},\"inLanguage\":\"fr-FR\",\"potentialAction\":[{\"@type\":\"ReadAction\",\"target\":[\"https:\/\/www.abbayesaintandre.com\/?p=5718\"]}]},{\"@type\":\"ImageObject\",\"inLanguage\":\"fr-FR\",\"@id\":\"https:\/\/www.abbayesaintandre.com\/?p=5718#primaryimage\",\"url\":\"https:\/\/www.abbayesaintandre.com\/wp-content\/uploads\/2024\/03\/IMG_1027-scaled.jpg\",\"contentUrl\":\"https:\/\/www.abbayesaintandre.com\/wp-content\/uploads\/2024\/03\/IMG_1027-scaled.jpg\",\"width\":2560,\"height\":1920},{\"@type\":\"BreadcrumbList\",\"@id\":\"https:\/\/www.abbayesaintandre.com\/?p=5718#breadcrumb\",\"itemListElement\":[{\"@type\":\"ListItem\",\"position\":1,\"name\":\"Home\",\"item\":\"https:\/\/www.abbayesaintandre.com\/\"},{\"@type\":\"ListItem\",\"position\":2,\"name\":\"\u00ab\u00a0Au fil du lin et du chanvre\u00a0\u00bb exhibition by Joanna Staniszkis from 4 September to 31 October 2024\"}]},{\"@type\":\"WebSite\",\"@id\":\"https:\/\/www.abbayesaintandre.com\/#website\",\"url\":\"https:\/\/www.abbayesaintandre.com\/\",\"name\":\"Abbaye Saint-Andr\u00e9 - Villeneuve-lez-Avignon\",\"description\":\"Jardin remarquable &amp; abbey in south of France\",\"potentialAction\":[{\"@type\":\"SearchAction\",\"target\":{\"@type\":\"EntryPoint\",\"urlTemplate\":\"https:\/\/www.abbayesaintandre.com\/?s={search_term_string}\"},\"query-input\":{\"@type\":\"PropertyValueSpecification\",\"valueRequired\":true,\"valueName\":\"search_term_string\"}}],\"inLanguage\":\"fr-FR\"},{\"@type\":\"Person\",\"@id\":\"https:\/\/www.abbayesaintandre.com\/#\/schema\/person\/e991a87bf1560b3d060bd72b37541068\",\"name\":\"Marie Viennet\",\"image\":{\"@type\":\"ImageObject\",\"inLanguage\":\"fr-FR\",\"@id\":\"https:\/\/www.abbayesaintandre.com\/#\/schema\/person\/image\/\",\"url\":\"https:\/\/secure.gravatar.com\/avatar\/84a75e018676a30e65c28807f1aa76dc211b4caff3b02db1bb1f7246c317d59e?s=96&d=mm&r=g\",\"contentUrl\":\"https:\/\/secure.gravatar.com\/avatar\/84a75e018676a30e65c28807f1aa76dc211b4caff3b02db1bb1f7246c317d59e?s=96&d=mm&r=g\",\"caption\":\"Marie Viennet\"},\"url\":\"https:\/\/www.abbayesaintandre.com\/?author=2\"}]}<\/script>\n<!-- \/ Yoast SEO plugin. -->","yoast_head_json":{"title":"\"Au fil du lin et du chanvre\" exhibition by Joanna Staniszkis from 4 September to 31 October 2024 - Abbaye Saint-Andr\u00e9 - Villeneuve-lez-Avignon","robots":{"index":"index","follow":"follow","max-snippet":"max-snippet:-1","max-image-preview":"max-image-preview:large","max-video-preview":"max-video-preview:-1"},"canonical":"https:\/\/www.abbayesaintandre.com\/?p=5718","og_locale":"fr_FR","og_type":"article","og_title":"\"Au fil du lin et du chanvre\" exhibition by Joanna Staniszkis from 4 September to 31 October 2024 - Abbaye Saint-Andr\u00e9 - Villeneuve-lez-Avignon","og_description":"Joanna Staniszkis studied fine art in Warsaw and then at the Academy of Art in Chicago. She taught for many years in Canada, particularly in textile design and historical costumes. At the same time, she was creating tapestries in her studio, with a predilection for textures, hand-spun materials, natural dyes, plastic and technical exploration, and the desire always to create [&hellip;]","og_url":"https:\/\/www.abbayesaintandre.com\/?p=5718","og_site_name":"Abbaye Saint-Andr\u00e9 - Villeneuve-lez-Avignon","article_published_time":"2024-03-19T15:39:04+00:00","article_modified_time":"2024-03-22T15:42:01+00:00","og_image":[{"width":1024,"height":768,"url":"https:\/\/www.abbayesaintandre.com\/wp-content\/uploads\/2024\/03\/IMG_1027-1024x768.jpg","type":"image\/jpeg"}],"author":"Marie Viennet","twitter_card":"summary_large_image","twitter_misc":{"\u00c9crit par":"Marie Viennet","Dur\u00e9e de lecture estim\u00e9e":"1 minute"},"schema":{"@context":"https:\/\/schema.org","@graph":[{"@type":"Article","@id":"https:\/\/www.abbayesaintandre.com\/?p=5718#article","isPartOf":{"@id":"https:\/\/www.abbayesaintandre.com\/?p=5718"},"author":{"name":"Marie Viennet","@id":"https:\/\/www.abbayesaintandre.com\/#\/schema\/person\/e991a87bf1560b3d060bd72b37541068"},"headline":"\u00ab\u00a0Au fil du lin et du chanvre\u00a0\u00bb exhibition by Joanna Staniszkis from 4 September to 31 October 2024","datePublished":"2024-03-19T15:39:04+00:00","dateModified":"2024-03-22T15:42:01+00:00","mainEntityOfPage":{"@id":"https:\/\/www.abbayesaintandre.com\/?p=5718"},"wordCount":160,"commentCount":0,"image":{"@id":"https:\/\/www.abbayesaintandre.com\/?p=5718#primaryimage"},"thumbnailUrl":"https:\/\/www.abbayesaintandre.com\/wp-content\/uploads\/2024\/03\/IMG_1027-scaled.jpg","keywords":["chanvre","exposition","Joanna Staniszkis","lin","textile"],"articleSection":["Exhibition"],"inLanguage":"fr-FR","potentialAction":[{"@type":"CommentAction","name":"Comment","target":["https:\/\/www.abbayesaintandre.com\/?p=5718#respond"]}]},{"@type":"WebPage","@id":"https:\/\/www.abbayesaintandre.com\/?p=5718","url":"https:\/\/www.abbayesaintandre.com\/?p=5718","name":"\"Au fil du lin et du chanvre\" exhibition by Joanna Staniszkis from 4 September to 31 October 2024 - Abbaye Saint-Andr\u00e9 - Villeneuve-lez-Avignon","isPartOf":{"@id":"https:\/\/www.abbayesaintandre.com\/#website"},"primaryImageOfPage":{"@id":"https:\/\/www.abbayesaintandre.com\/?p=5718#primaryimage"},"image":{"@id":"https:\/\/www.abbayesaintandre.com\/?p=5718#primaryimage"},"thumbnailUrl":"https:\/\/www.abbayesaintandre.com\/wp-content\/uploads\/2024\/03\/IMG_1027-scaled.jpg","datePublished":"2024-03-19T15:39:04+00:00","dateModified":"2024-03-22T15:42:01+00:00","author":{"@id":"https:\/\/www.abbayesaintandre.com\/#\/schema\/person\/e991a87bf1560b3d060bd72b37541068"},"breadcrumb":{"@id":"https:\/\/www.abbayesaintandre.com\/?p=5718#breadcrumb"},"inLanguage":"fr-FR","potentialAction":[{"@type":"ReadAction","target":["https:\/\/www.abbayesaintandre.com\/?p=5718"]}]},{"@type":"ImageObject","inLanguage":"fr-FR","@id":"https:\/\/www.abbayesaintandre.com\/?p=5718#primaryimage","url":"https:\/\/www.abbayesaintandre.com\/wp-content\/uploads\/2024\/03\/IMG_1027-scaled.jpg","contentUrl":"https:\/\/www.abbayesaintandre.com\/wp-content\/uploads\/2024\/03\/IMG_1027-scaled.jpg","width":2560,"height":1920},{"@type":"BreadcrumbList","@id":"https:\/\/www.abbayesaintandre.com\/?p=5718#breadcrumb","itemListElement":[{"@type":"ListItem","position":1,"name":"Home","item":"https:\/\/www.abbayesaintandre.com\/"},{"@type":"ListItem","position":2,"name":"\u00ab\u00a0Au fil du lin et du chanvre\u00a0\u00bb exhibition by Joanna Staniszkis from 4 September to 31 October 2024"}]},{"@type":"WebSite","@id":"https:\/\/www.abbayesaintandre.com\/#website","url":"https:\/\/www.abbayesaintandre.com\/","name":"Abbaye Saint-Andr\u00e9 - Villeneuve-lez-Avignon","description":"Jardin remarquable &amp; abbey in south of France","potentialAction":[{"@type":"SearchAction","target":{"@type":"EntryPoint","urlTemplate":"https:\/\/www.abbayesaintandre.com\/?s={search_term_string}"},"query-input":{"@type":"PropertyValueSpecification","valueRequired":true,"valueName":"search_term_string"}}],"inLanguage":"fr-FR"},{"@type":"Person","@id":"https:\/\/www.abbayesaintandre.com\/#\/schema\/person\/e991a87bf1560b3d060bd72b37541068","name":"Marie Viennet","image":{"@type":"ImageObject","inLanguage":"fr-FR","@id":"https:\/\/www.abbayesaintandre.com\/#\/schema\/person\/image\/","url":"https:\/\/secure.gravatar.com\/avatar\/84a75e018676a30e65c28807f1aa76dc211b4caff3b02db1bb1f7246c317d59e?s=96&d=mm&r=g","contentUrl":"https:\/\/secure.gravatar.com\/avatar\/84a75e018676a30e65c28807f1aa76dc211b4caff3b02db1bb1f7246c317d59e?s=96&d=mm&r=g","caption":"Marie Viennet"},"url":"https:\/\/www.abbayesaintandre.com\/?author=2"}]}},"_links":{"self":[{"href":"https:\/\/www.abbayesaintandre.com\/index.php?rest_route=\/wp\/v2\/posts\/5718","targetHints":{"allow":["GET"]}}],"collection":[{"href":"https:\/\/www.abbayesaintandre.com\/index.php?rest_route=\/wp\/v2\/posts"}],"about":[{"href":"https:\/\/www.abbayesaintandre.com\/index.php?rest_route=\/wp\/v2\/types\/post"}],"author":[{"embeddable":true,"href":"https:\/\/www.abbayesaintandre.com\/index.php?rest_route=\/wp\/v2\/users\/2"}],"replies":[{"embeddable":true,"href":"https:\/\/www.abbayesaintandre.com\/index.php?rest_route=%2Fwp%2Fv2%2Fcomments&post=5718"}],"version-history":[{"count":1,"href":"https:\/\/www.abbayesaintandre.com\/index.php?rest_route=\/wp\/v2\/posts\/5718\/revisions"}],"predecessor-version":[{"id":5720,"href":"https:\/\/www.abbayesaintandre.com\/index.php?rest_route=\/wp\/v2\/posts\/5718\/revisions\/5720"}],"wp:featuredmedia":[{"embeddable":true,"href":"https:\/\/www.abbayesaintandre.com\/index.php?rest_route=\/wp\/v2\/media\/5719"}],"wp:attachment":[{"href":"https:\/\/www.abbayesaintandre.com\/index.php?rest_route=%2Fwp%2Fv2%2Fmedia&parent=5718"}],"wp:term":[{"taxonomy":"category","embeddable":true,"href":"https:\/\/www.abbayesaintandre.com\/index.php?rest_route=%2Fwp%2Fv2%2Fcategories&post=5718"},{"taxonomy":"post_tag","embeddable":true,"href":"https:\/\/www.abbayesaintandre.com\/index.php?rest_route=%2Fwp%2Fv2%2Ftags&post=5718"}],"curies":[{"name":"wp","href":"https:\/\/api.w.org\/{rel}","templated":true}]}}