{"id":5726,"date":"2025-04-05T14:32:44","date_gmt":"2025-04-05T14:32:44","guid":{"rendered":"https:\/\/www.abbayesaintandre.com\/?p=5726"},"modified":"2025-04-05T14:32:44","modified_gmt":"2025-04-05T14:32:44","slug":"gustave-fayet-in-provence-exhibition-1-march-31-october-2025","status":"publish","type":"post","link":"https:\/\/www.abbayesaintandre.com\/?p=5726","title":{"rendered":"Gustave Fayet in Provence\u00a0\u00bb exhibition 1 March &#8211; 31 October 2025"},"content":{"rendered":"<h3>Exhibition \u2018Gustave Fayet en Provence\u2019 1 March &#8211; 31 October 2025<\/h3>\n<p><img loading=\"lazy\" decoding=\"async\" class=\"aligncenter  wp-image-5728\" src=\"https:\/\/www.abbayesaintandre.com\/wp-content\/uploads\/2025\/04\/Madame-Fayet-et-Yseult-1024x791.jpg\" alt=\"\" width=\"283\" height=\"219\" srcset=\"https:\/\/www.abbayesaintandre.com\/wp-content\/uploads\/2025\/04\/Madame-Fayet-et-Yseult-1024x791.jpg 1024w, https:\/\/www.abbayesaintandre.com\/wp-content\/uploads\/2025\/04\/Madame-Fayet-et-Yseult-300x232.jpg 300w, https:\/\/www.abbayesaintandre.com\/wp-content\/uploads\/2025\/04\/Madame-Fayet-et-Yseult-768x593.jpg 768w, https:\/\/www.abbayesaintandre.com\/wp-content\/uploads\/2025\/04\/Madame-Fayet-et-Yseult-180x138.jpg 180w, https:\/\/www.abbayesaintandre.com\/wp-content\/uploads\/2025\/04\/Madame-Fayet-et-Yseult.jpg 1168w\" sizes=\"auto, (max-width: 283px) 100vw, 283px\" \/><\/p>\n<p>This major exhibition, bringing together Gustave Fayet&rsquo;s Proven\u00e7al work for the first time, examines the artist&rsquo;s view of this land of choice, which, more than a simple motif, shines through with its many intimate, artistic and literary resonances. From his roots in Beaucaire to his attraction to regionalist literature and the work of Van Gogh, Gustave Fayet&rsquo;s Provence will be understood through the prism of his family history, his literary imagination and his visual culture.<\/p>\n<p>Like Fontfroide Abbey and Ch\u00e2teau d&rsquo;Igny, Saint-Andr\u00e9 Abbey played a key role in Gustave Fayet&rsquo;s artistic universe. Acquired in 1916, the abbey became the focal point of his stays in Provence. From the Alpilles to Toulon, via the Camargue, the Proven\u00e7al landscape and its sunshine provided motifs, colours and light for the most fertile period of his career as a painter and creator. Away from the wine business, he devoted long periods to it at the precise moment when he was beginning to make a name for himself in the field of decorative arts, in the 1920s. A rich collection of 122 drawings, watercolours, paintings and illustrated books will be on show.<\/p>\n<h4>The exhibition can be viewed :<br \/>\n&#8211; either as a self-guided tour (during abbey opening hours as part of the garden visit, garden admission charge)<br \/>\n&#8211; or as a guided tour<\/h4>\n<p><span style=\"text-decoration: underline;\">Dates for guided tours with guide Sylvie Toussaint:<\/span><\/p>\n<p>Sunday 27 April &#8211; 3pm<\/p>\n<p>Sunday 18 May &#8211; 3pm<\/p>\n<p>Sunday 22 June &#8211; 3pm<\/p>\n<p>Sunday 27 July &#8211; 3pm<\/p>\n<p>Sunday 24 August &#8211; 3pm<\/p>\n<p>Saturday 20 September &#8211; 10am (European Heritage Days)<\/p>\n<p>Sunday 12 October &#8211; 3pm<\/p>\n<p>By reservation only: info@abbayesaintandre.fr<\/p>\n<p>Guided tour price: \u20ac16 per person (including access to the gardens) &#8211; \u20ac12 for Abbaye Pass holders<\/p>\n<p>&nbsp;<\/p>\n<h3>Gustave Fayet (1865-1925)<\/h3>\n<p>Gustave Fayet was a Languedoc man born in B\u00e9ziers in 1865, the son of a painter, a painter himself and one of the greatest collectors of his generation; from 1899 he bought the works of little-known artists such as Van Gogh, Gauguin, C\u00e9zanne, Matisse and the Fauves. His friend Odilon Redon decorated the library at Fontfroide Abbey, which he acquired in 1908. In 1916, Elsa Koeberl\u00e9 took him to Saint-Andr\u00e9; he was captivated by the beauty of the site and decided to help acquire it in order to save this heritage&#8230;<\/p>\n<h3>Gustave Fayet Season 2025-2027<\/h3>\n<p>In 2025, a series of events is being launched to celebrate the centenary of the death of Gustave Fayet (1865-1825). This unique and important season will pay tribute to the breadth of his artistic work, while showcasing the finest pieces of his output through various themes and also his collections. Several exhibitions will be held in the south of France and in Paris until 2027.<\/p>\n<p>&nbsp;<\/p>\n","protected":false},"excerpt":{"rendered":"<p>Exhibition \u2018Gustave Fayet en Provence\u2019 1 March &#8211; 31 October 2025 This major exhibition, bringing together Gustave Fayet&rsquo;s Proven\u00e7al work for the first time, examines the artist&rsquo;s view of this land of choice, which, more than a simple motif, shines through with its many intimate, artistic and literary resonances. From his roots in Beaucaire to his attraction to regionalist literature [&hellip;]<\/p>\n","protected":false},"author":2,"featured_media":5727,"comment_status":"open","ping_status":"open","sticky":false,"template":"","format":"standard","meta":{"footnotes":""},"categories":[5],"tags":[],"class_list":["post-5726","post","type-post","status-publish","format-standard","has-post-thumbnail","hentry","category-exhibition"],"yoast_head":"<!-- This site is optimized with the Yoast SEO plugin v27.0 - https:\/\/yoast.com\/product\/yoast-seo-wordpress\/ -->\n<title>Gustave Fayet in Provence&quot; exhibition 1 March - 31 October 2025 - Abbaye Saint-Andr\u00e9 - Villeneuve-lez-Avignon<\/title>\n<meta name=\"robots\" content=\"index, follow, max-snippet:-1, max-image-preview:large, max-video-preview:-1\" \/>\n<link rel=\"canonical\" href=\"https:\/\/www.abbayesaintandre.com\/?p=5726\" \/>\n<meta property=\"og:locale\" content=\"fr_FR\" \/>\n<meta property=\"og:type\" content=\"article\" \/>\n<meta property=\"og:title\" content=\"Gustave Fayet in Provence&quot; exhibition 1 March - 31 October 2025 - Abbaye Saint-Andr\u00e9 - Villeneuve-lez-Avignon\" \/>\n<meta property=\"og:description\" content=\"Exhibition \u2018Gustave Fayet en Provence\u2019 1 March &#8211; 31 October 2025 This major exhibition, bringing together Gustave Fayet&rsquo;s Proven\u00e7al work for the first time, examines the artist&rsquo;s view of this land of choice, which, more than a simple motif, shines through with its many intimate, artistic and literary resonances. From his roots in Beaucaire to his attraction to regionalist literature [&hellip;]\" \/>\n<meta property=\"og:url\" content=\"https:\/\/www.abbayesaintandre.com\/?p=5726\" \/>\n<meta property=\"og:site_name\" content=\"Abbaye Saint-Andr\u00e9 - Villeneuve-lez-Avignon\" \/>\n<meta property=\"article:published_time\" content=\"2025-04-05T14:32:44+00:00\" \/>\n<meta property=\"og:image\" content=\"https:\/\/www.abbayesaintandre.com\/wp-content\/uploads\/2025\/04\/Affiche-Abbaye-Saint-Andre-Gustave-Fayet-en-Provence-724x1024.jpg\" \/>\n\t<meta property=\"og:image:width\" content=\"724\" \/>\n\t<meta property=\"og:image:height\" content=\"1024\" \/>\n\t<meta property=\"og:image:type\" content=\"image\/jpeg\" \/>\n<meta name=\"author\" content=\"Marie Viennet\" \/>\n<meta name=\"twitter:card\" content=\"summary_large_image\" \/>\n<meta name=\"twitter:label1\" content=\"\u00c9crit par\" \/>\n\t<meta name=\"twitter:data1\" content=\"Marie Viennet\" \/>\n\t<meta name=\"twitter:label2\" content=\"Dur\u00e9e de lecture estim\u00e9e\" \/>\n\t<meta name=\"twitter:data2\" content=\"3 minutes\" \/>\n<script type=\"application\/ld+json\" class=\"yoast-schema-graph\">{\"@context\":\"https:\/\/schema.org\",\"@graph\":[{\"@type\":\"Article\",\"@id\":\"https:\/\/www.abbayesaintandre.com\/?p=5726#article\",\"isPartOf\":{\"@id\":\"https:\/\/www.abbayesaintandre.com\/?p=5726\"},\"author\":{\"name\":\"Marie Viennet\",\"@id\":\"https:\/\/www.abbayesaintandre.com\/#\/schema\/person\/e991a87bf1560b3d060bd72b37541068\"},\"headline\":\"Gustave Fayet in Provence\u00a0\u00bb exhibition 1 March &#8211; 31 October 2025\",\"datePublished\":\"2025-04-05T14:32:44+00:00\",\"mainEntityOfPage\":{\"@id\":\"https:\/\/www.abbayesaintandre.com\/?p=5726\"},\"wordCount\":455,\"commentCount\":0,\"image\":{\"@id\":\"https:\/\/www.abbayesaintandre.com\/?p=5726#primaryimage\"},\"thumbnailUrl\":\"https:\/\/www.abbayesaintandre.com\/wp-content\/uploads\/2025\/04\/Affiche-Abbaye-Saint-Andre-Gustave-Fayet-en-Provence-scaled.jpg\",\"articleSection\":[\"Exhibition\"],\"inLanguage\":\"fr-FR\",\"potentialAction\":[{\"@type\":\"CommentAction\",\"name\":\"Comment\",\"target\":[\"https:\/\/www.abbayesaintandre.com\/?p=5726#respond\"]}]},{\"@type\":\"WebPage\",\"@id\":\"https:\/\/www.abbayesaintandre.com\/?p=5726\",\"url\":\"https:\/\/www.abbayesaintandre.com\/?p=5726\",\"name\":\"Gustave Fayet in Provence\\\" exhibition 1 March - 31 October 2025 - Abbaye Saint-Andr\u00e9 - Villeneuve-lez-Avignon\",\"isPartOf\":{\"@id\":\"https:\/\/www.abbayesaintandre.com\/#website\"},\"primaryImageOfPage\":{\"@id\":\"https:\/\/www.abbayesaintandre.com\/?p=5726#primaryimage\"},\"image\":{\"@id\":\"https:\/\/www.abbayesaintandre.com\/?p=5726#primaryimage\"},\"thumbnailUrl\":\"https:\/\/www.abbayesaintandre.com\/wp-content\/uploads\/2025\/04\/Affiche-Abbaye-Saint-Andre-Gustave-Fayet-en-Provence-scaled.jpg\",\"datePublished\":\"2025-04-05T14:32:44+00:00\",\"author\":{\"@id\":\"https:\/\/www.abbayesaintandre.com\/#\/schema\/person\/e991a87bf1560b3d060bd72b37541068\"},\"breadcrumb\":{\"@id\":\"https:\/\/www.abbayesaintandre.com\/?p=5726#breadcrumb\"},\"inLanguage\":\"fr-FR\",\"potentialAction\":[{\"@type\":\"ReadAction\",\"target\":[\"https:\/\/www.abbayesaintandre.com\/?p=5726\"]}]},{\"@type\":\"ImageObject\",\"inLanguage\":\"fr-FR\",\"@id\":\"https:\/\/www.abbayesaintandre.com\/?p=5726#primaryimage\",\"url\":\"https:\/\/www.abbayesaintandre.com\/wp-content\/uploads\/2025\/04\/Affiche-Abbaye-Saint-Andre-Gustave-Fayet-en-Provence-scaled.jpg\",\"contentUrl\":\"https:\/\/www.abbayesaintandre.com\/wp-content\/uploads\/2025\/04\/Affiche-Abbaye-Saint-Andre-Gustave-Fayet-en-Provence-scaled.jpg\",\"width\":1810,\"height\":2560},{\"@type\":\"BreadcrumbList\",\"@id\":\"https:\/\/www.abbayesaintandre.com\/?p=5726#breadcrumb\",\"itemListElement\":[{\"@type\":\"ListItem\",\"position\":1,\"name\":\"Home\",\"item\":\"https:\/\/www.abbayesaintandre.com\/\"},{\"@type\":\"ListItem\",\"position\":2,\"name\":\"Gustave Fayet in Provence\u00a0\u00bb exhibition 1 March &#8211; 31 October 2025\"}]},{\"@type\":\"WebSite\",\"@id\":\"https:\/\/www.abbayesaintandre.com\/#website\",\"url\":\"https:\/\/www.abbayesaintandre.com\/\",\"name\":\"Abbaye Saint-Andr\u00e9 - Villeneuve-lez-Avignon\",\"description\":\"Jardin remarquable &amp; abbey in south of France\",\"potentialAction\":[{\"@type\":\"SearchAction\",\"target\":{\"@type\":\"EntryPoint\",\"urlTemplate\":\"https:\/\/www.abbayesaintandre.com\/?s={search_term_string}\"},\"query-input\":{\"@type\":\"PropertyValueSpecification\",\"valueRequired\":true,\"valueName\":\"search_term_string\"}}],\"inLanguage\":\"fr-FR\"},{\"@type\":\"Person\",\"@id\":\"https:\/\/www.abbayesaintandre.com\/#\/schema\/person\/e991a87bf1560b3d060bd72b37541068\",\"name\":\"Marie Viennet\",\"image\":{\"@type\":\"ImageObject\",\"inLanguage\":\"fr-FR\",\"@id\":\"https:\/\/www.abbayesaintandre.com\/#\/schema\/person\/image\/\",\"url\":\"https:\/\/secure.gravatar.com\/avatar\/84a75e018676a30e65c28807f1aa76dc211b4caff3b02db1bb1f7246c317d59e?s=96&d=mm&r=g\",\"contentUrl\":\"https:\/\/secure.gravatar.com\/avatar\/84a75e018676a30e65c28807f1aa76dc211b4caff3b02db1bb1f7246c317d59e?s=96&d=mm&r=g\",\"caption\":\"Marie Viennet\"},\"url\":\"https:\/\/www.abbayesaintandre.com\/?author=2\"}]}<\/script>\n<!-- \/ Yoast SEO plugin. -->","yoast_head_json":{"title":"Gustave Fayet in Provence\" exhibition 1 March - 31 October 2025 - Abbaye Saint-Andr\u00e9 - Villeneuve-lez-Avignon","robots":{"index":"index","follow":"follow","max-snippet":"max-snippet:-1","max-image-preview":"max-image-preview:large","max-video-preview":"max-video-preview:-1"},"canonical":"https:\/\/www.abbayesaintandre.com\/?p=5726","og_locale":"fr_FR","og_type":"article","og_title":"Gustave Fayet in Provence\" exhibition 1 March - 31 October 2025 - Abbaye Saint-Andr\u00e9 - Villeneuve-lez-Avignon","og_description":"Exhibition \u2018Gustave Fayet en Provence\u2019 1 March &#8211; 31 October 2025 This major exhibition, bringing together Gustave Fayet&rsquo;s Proven\u00e7al work for the first time, examines the artist&rsquo;s view of this land of choice, which, more than a simple motif, shines through with its many intimate, artistic and literary resonances. From his roots in Beaucaire to his attraction to regionalist literature [&hellip;]","og_url":"https:\/\/www.abbayesaintandre.com\/?p=5726","og_site_name":"Abbaye Saint-Andr\u00e9 - Villeneuve-lez-Avignon","article_published_time":"2025-04-05T14:32:44+00:00","og_image":[{"width":724,"height":1024,"url":"https:\/\/www.abbayesaintandre.com\/wp-content\/uploads\/2025\/04\/Affiche-Abbaye-Saint-Andre-Gustave-Fayet-en-Provence-724x1024.jpg","type":"image\/jpeg"}],"author":"Marie Viennet","twitter_card":"summary_large_image","twitter_misc":{"\u00c9crit par":"Marie Viennet","Dur\u00e9e de lecture estim\u00e9e":"3 minutes"},"schema":{"@context":"https:\/\/schema.org","@graph":[{"@type":"Article","@id":"https:\/\/www.abbayesaintandre.com\/?p=5726#article","isPartOf":{"@id":"https:\/\/www.abbayesaintandre.com\/?p=5726"},"author":{"name":"Marie Viennet","@id":"https:\/\/www.abbayesaintandre.com\/#\/schema\/person\/e991a87bf1560b3d060bd72b37541068"},"headline":"Gustave Fayet in Provence\u00a0\u00bb exhibition 1 March &#8211; 31 October 2025","datePublished":"2025-04-05T14:32:44+00:00","mainEntityOfPage":{"@id":"https:\/\/www.abbayesaintandre.com\/?p=5726"},"wordCount":455,"commentCount":0,"image":{"@id":"https:\/\/www.abbayesaintandre.com\/?p=5726#primaryimage"},"thumbnailUrl":"https:\/\/www.abbayesaintandre.com\/wp-content\/uploads\/2025\/04\/Affiche-Abbaye-Saint-Andre-Gustave-Fayet-en-Provence-scaled.jpg","articleSection":["Exhibition"],"inLanguage":"fr-FR","potentialAction":[{"@type":"CommentAction","name":"Comment","target":["https:\/\/www.abbayesaintandre.com\/?p=5726#respond"]}]},{"@type":"WebPage","@id":"https:\/\/www.abbayesaintandre.com\/?p=5726","url":"https:\/\/www.abbayesaintandre.com\/?p=5726","name":"Gustave Fayet in Provence\" exhibition 1 March - 31 October 2025 - Abbaye Saint-Andr\u00e9 - Villeneuve-lez-Avignon","isPartOf":{"@id":"https:\/\/www.abbayesaintandre.com\/#website"},"primaryImageOfPage":{"@id":"https:\/\/www.abbayesaintandre.com\/?p=5726#primaryimage"},"image":{"@id":"https:\/\/www.abbayesaintandre.com\/?p=5726#primaryimage"},"thumbnailUrl":"https:\/\/www.abbayesaintandre.com\/wp-content\/uploads\/2025\/04\/Affiche-Abbaye-Saint-Andre-Gustave-Fayet-en-Provence-scaled.jpg","datePublished":"2025-04-05T14:32:44+00:00","author":{"@id":"https:\/\/www.abbayesaintandre.com\/#\/schema\/person\/e991a87bf1560b3d060bd72b37541068"},"breadcrumb":{"@id":"https:\/\/www.abbayesaintandre.com\/?p=5726#breadcrumb"},"inLanguage":"fr-FR","potentialAction":[{"@type":"ReadAction","target":["https:\/\/www.abbayesaintandre.com\/?p=5726"]}]},{"@type":"ImageObject","inLanguage":"fr-FR","@id":"https:\/\/www.abbayesaintandre.com\/?p=5726#primaryimage","url":"https:\/\/www.abbayesaintandre.com\/wp-content\/uploads\/2025\/04\/Affiche-Abbaye-Saint-Andre-Gustave-Fayet-en-Provence-scaled.jpg","contentUrl":"https:\/\/www.abbayesaintandre.com\/wp-content\/uploads\/2025\/04\/Affiche-Abbaye-Saint-Andre-Gustave-Fayet-en-Provence-scaled.jpg","width":1810,"height":2560},{"@type":"BreadcrumbList","@id":"https:\/\/www.abbayesaintandre.com\/?p=5726#breadcrumb","itemListElement":[{"@type":"ListItem","position":1,"name":"Home","item":"https:\/\/www.abbayesaintandre.com\/"},{"@type":"ListItem","position":2,"name":"Gustave Fayet in Provence\u00a0\u00bb exhibition 1 March &#8211; 31 October 2025"}]},{"@type":"WebSite","@id":"https:\/\/www.abbayesaintandre.com\/#website","url":"https:\/\/www.abbayesaintandre.com\/","name":"Abbaye Saint-Andr\u00e9 - Villeneuve-lez-Avignon","description":"Jardin remarquable &amp; abbey in south of France","potentialAction":[{"@type":"SearchAction","target":{"@type":"EntryPoint","urlTemplate":"https:\/\/www.abbayesaintandre.com\/?s={search_term_string}"},"query-input":{"@type":"PropertyValueSpecification","valueRequired":true,"valueName":"search_term_string"}}],"inLanguage":"fr-FR"},{"@type":"Person","@id":"https:\/\/www.abbayesaintandre.com\/#\/schema\/person\/e991a87bf1560b3d060bd72b37541068","name":"Marie Viennet","image":{"@type":"ImageObject","inLanguage":"fr-FR","@id":"https:\/\/www.abbayesaintandre.com\/#\/schema\/person\/image\/","url":"https:\/\/secure.gravatar.com\/avatar\/84a75e018676a30e65c28807f1aa76dc211b4caff3b02db1bb1f7246c317d59e?s=96&d=mm&r=g","contentUrl":"https:\/\/secure.gravatar.com\/avatar\/84a75e018676a30e65c28807f1aa76dc211b4caff3b02db1bb1f7246c317d59e?s=96&d=mm&r=g","caption":"Marie Viennet"},"url":"https:\/\/www.abbayesaintandre.com\/?author=2"}]}},"_links":{"self":[{"href":"https:\/\/www.abbayesaintandre.com\/index.php?rest_route=\/wp\/v2\/posts\/5726","targetHints":{"allow":["GET"]}}],"collection":[{"href":"https:\/\/www.abbayesaintandre.com\/index.php?rest_route=\/wp\/v2\/posts"}],"about":[{"href":"https:\/\/www.abbayesaintandre.com\/index.php?rest_route=\/wp\/v2\/types\/post"}],"author":[{"embeddable":true,"href":"https:\/\/www.abbayesaintandre.com\/index.php?rest_route=\/wp\/v2\/users\/2"}],"replies":[{"embeddable":true,"href":"https:\/\/www.abbayesaintandre.com\/index.php?rest_route=%2Fwp%2Fv2%2Fcomments&post=5726"}],"version-history":[{"count":1,"href":"https:\/\/www.abbayesaintandre.com\/index.php?rest_route=\/wp\/v2\/posts\/5726\/revisions"}],"predecessor-version":[{"id":5729,"href":"https:\/\/www.abbayesaintandre.com\/index.php?rest_route=\/wp\/v2\/posts\/5726\/revisions\/5729"}],"wp:featuredmedia":[{"embeddable":true,"href":"https:\/\/www.abbayesaintandre.com\/index.php?rest_route=\/wp\/v2\/media\/5727"}],"wp:attachment":[{"href":"https:\/\/www.abbayesaintandre.com\/index.php?rest_route=%2Fwp%2Fv2%2Fmedia&parent=5726"}],"wp:term":[{"taxonomy":"category","embeddable":true,"href":"https:\/\/www.abbayesaintandre.com\/index.php?rest_route=%2Fwp%2Fv2%2Fcategories&post=5726"},{"taxonomy":"post_tag","embeddable":true,"href":"https:\/\/www.abbayesaintandre.com\/index.php?rest_route=%2Fwp%2Fv2%2Ftags&post=5726"}],"curies":[{"name":"wp","href":"https:\/\/api.w.org\/{rel}","templated":true}]}}