{"id":5730,"date":"2025-04-05T14:38:29","date_gmt":"2025-04-05T14:38:29","guid":{"rendered":"https:\/\/www.abbayesaintandre.com\/?p=5730"},"modified":"2025-04-05T14:38:29","modified_gmt":"2025-04-05T14:38:29","slug":"hortus-cafe-open-from-april-to-september-2025","status":"publish","type":"post","link":"https:\/\/www.abbayesaintandre.com\/?p=5730","title":{"rendered":"Hortus Caf\u00e9, open from April to September 2025"},"content":{"rendered":"<p>Chef Alexia Buonvino offers a gourmet break under the vaulted gardens of Saint-Andr\u00e9 Abbey<\/p>\n<p>Set in the heart of the gardens, sheltered by the vaults, this caf\u00e9 offers a breathtaking view of the Palace of the Popes. Chef Alexia Buonvino offers a menu of fresh sweet and savoury snacks made from local produce. Visitors can also enjoy fruit juices, iced infusions and ice creams all day long on this gourmet terrace.<\/p>\n<p><span style=\"text-decoration: underline;\">The Gardens\/Exhibitions Pass is a must for food lovers!<\/span><br \/>\nVilleneuvians and visitors to the region who have tried the Hortus caf\u00e9 and would like to add it to their list of favourite addresses can purchase a Gardens\/Exhibitions Pass (valid for one year during the opening period). It gives you unlimited access to the gardens, all the abbey&rsquo;s temporary exhibitions and the Hortus Caf\u00e9, throughout the season. You can also enjoy Alexia Buonvino&rsquo;s cuisine and the 2 hectares of outstanding gardens: romantic Italian parterres, belvedere terraces, Mediterranean paths and temporary exhibitions&#8230; or simply relax on a deckchair in the shade of the pine trees, just like in your own garden.<br \/>\nAnnual Gardens\/Exhibits Pass: \u20ac42\/person<\/p>\n<p><span style=\"text-decoration: underline;\">Practical information and access<\/span><br \/>\nThe caf\u00e9 is reserved for visitors with an admission ticket (full price \u20ac9.5, reduced price \u20ac8) or an annual Gardens\/Exhibitions Pass.<\/p>\n<p>The caf\u00e9 does not take bookings.<\/p>\n<p>Open from 10am to 5.30pm, April to September (except Mondays).<\/p>\n","protected":false},"excerpt":{"rendered":"<p>Chef Alexia Buonvino offers a gourmet break under the vaulted gardens of Saint-Andr\u00e9 Abbey Set in the heart of the gardens, sheltered by the vaults, this caf\u00e9 offers a breathtaking view of the Palace of the Popes. Chef Alexia Buonvino offers a menu of fresh sweet and savoury snacks made from local produce. Visitors can also enjoy fruit juices, iced [&hellip;]<\/p>\n","protected":false},"author":2,"featured_media":5709,"comment_status":"open","ping_status":"open","sticky":false,"template":"","format":"standard","meta":{"footnotes":""},"categories":[1],"tags":[],"class_list":["post-5730","post","type-post","status-publish","format-standard","has-post-thumbnail","hentry","category-uncategorized"],"yoast_head":"<!-- This site is optimized with the Yoast SEO plugin v27.0 - https:\/\/yoast.com\/product\/yoast-seo-wordpress\/ -->\n<title>Hortus Caf\u00e9, open from April to September 2025 - Abbaye Saint-Andr\u00e9 - Villeneuve-lez-Avignon<\/title>\n<meta name=\"robots\" content=\"index, follow, max-snippet:-1, max-image-preview:large, max-video-preview:-1\" \/>\n<link rel=\"canonical\" href=\"https:\/\/www.abbayesaintandre.com\/?p=5730\" \/>\n<meta property=\"og:locale\" content=\"fr_FR\" \/>\n<meta property=\"og:type\" content=\"article\" \/>\n<meta property=\"og:title\" content=\"Hortus Caf\u00e9, open from April to September 2025 - Abbaye Saint-Andr\u00e9 - Villeneuve-lez-Avignon\" \/>\n<meta property=\"og:description\" content=\"Chef Alexia Buonvino offers a gourmet break under the vaulted gardens of Saint-Andr\u00e9 Abbey Set in the heart of the gardens, sheltered by the vaults, this caf\u00e9 offers a breathtaking view of the Palace of the Popes. Chef Alexia Buonvino offers a menu of fresh sweet and savoury snacks made from local produce. Visitors can also enjoy fruit juices, iced [&hellip;]\" \/>\n<meta property=\"og:url\" content=\"https:\/\/www.abbayesaintandre.com\/?p=5730\" \/>\n<meta property=\"og:site_name\" content=\"Abbaye Saint-Andr\u00e9 - Villeneuve-lez-Avignon\" \/>\n<meta property=\"article:published_time\" content=\"2025-04-05T14:38:29+00:00\" \/>\n<meta property=\"og:image\" content=\"https:\/\/www.abbayesaintandre.com\/wp-content\/uploads\/2024\/03\/HORTUS.jpg\" \/>\n\t<meta property=\"og:image:width\" content=\"1226\" \/>\n\t<meta property=\"og:image:height\" content=\"813\" \/>\n\t<meta property=\"og:image:type\" content=\"image\/jpeg\" \/>\n<meta name=\"author\" content=\"Marie Viennet\" \/>\n<meta name=\"twitter:card\" content=\"summary_large_image\" \/>\n<meta name=\"twitter:label1\" content=\"\u00c9crit par\" \/>\n\t<meta name=\"twitter:data1\" content=\"Marie Viennet\" \/>\n\t<meta name=\"twitter:label2\" content=\"Dur\u00e9e de lecture estim\u00e9e\" \/>\n\t<meta name=\"twitter:data2\" content=\"1 minute\" \/>\n<script type=\"application\/ld+json\" class=\"yoast-schema-graph\">{\"@context\":\"https:\/\/schema.org\",\"@graph\":[{\"@type\":\"Article\",\"@id\":\"https:\/\/www.abbayesaintandre.com\/?p=5730#article\",\"isPartOf\":{\"@id\":\"https:\/\/www.abbayesaintandre.com\/?p=5730\"},\"author\":{\"name\":\"Marie Viennet\",\"@id\":\"https:\/\/www.abbayesaintandre.com\/#\/schema\/person\/e991a87bf1560b3d060bd72b37541068\"},\"headline\":\"Hortus Caf\u00e9, open from April to September 2025\",\"datePublished\":\"2025-04-05T14:38:29+00:00\",\"mainEntityOfPage\":{\"@id\":\"https:\/\/www.abbayesaintandre.com\/?p=5730\"},\"wordCount\":233,\"commentCount\":0,\"image\":{\"@id\":\"https:\/\/www.abbayesaintandre.com\/?p=5730#primaryimage\"},\"thumbnailUrl\":\"https:\/\/www.abbayesaintandre.com\/wp-content\/uploads\/2024\/03\/HORTUS.jpg\",\"articleSection\":[\"Uncategorized\"],\"inLanguage\":\"fr-FR\",\"potentialAction\":[{\"@type\":\"CommentAction\",\"name\":\"Comment\",\"target\":[\"https:\/\/www.abbayesaintandre.com\/?p=5730#respond\"]}]},{\"@type\":\"WebPage\",\"@id\":\"https:\/\/www.abbayesaintandre.com\/?p=5730\",\"url\":\"https:\/\/www.abbayesaintandre.com\/?p=5730\",\"name\":\"Hortus Caf\u00e9, open from April to September 2025 - Abbaye Saint-Andr\u00e9 - Villeneuve-lez-Avignon\",\"isPartOf\":{\"@id\":\"https:\/\/www.abbayesaintandre.com\/#website\"},\"primaryImageOfPage\":{\"@id\":\"https:\/\/www.abbayesaintandre.com\/?p=5730#primaryimage\"},\"image\":{\"@id\":\"https:\/\/www.abbayesaintandre.com\/?p=5730#primaryimage\"},\"thumbnailUrl\":\"https:\/\/www.abbayesaintandre.com\/wp-content\/uploads\/2024\/03\/HORTUS.jpg\",\"datePublished\":\"2025-04-05T14:38:29+00:00\",\"author\":{\"@id\":\"https:\/\/www.abbayesaintandre.com\/#\/schema\/person\/e991a87bf1560b3d060bd72b37541068\"},\"breadcrumb\":{\"@id\":\"https:\/\/www.abbayesaintandre.com\/?p=5730#breadcrumb\"},\"inLanguage\":\"fr-FR\",\"potentialAction\":[{\"@type\":\"ReadAction\",\"target\":[\"https:\/\/www.abbayesaintandre.com\/?p=5730\"]}]},{\"@type\":\"ImageObject\",\"inLanguage\":\"fr-FR\",\"@id\":\"https:\/\/www.abbayesaintandre.com\/?p=5730#primaryimage\",\"url\":\"https:\/\/www.abbayesaintandre.com\/wp-content\/uploads\/2024\/03\/HORTUS.jpg\",\"contentUrl\":\"https:\/\/www.abbayesaintandre.com\/wp-content\/uploads\/2024\/03\/HORTUS.jpg\",\"width\":1226,\"height\":813},{\"@type\":\"BreadcrumbList\",\"@id\":\"https:\/\/www.abbayesaintandre.com\/?p=5730#breadcrumb\",\"itemListElement\":[{\"@type\":\"ListItem\",\"position\":1,\"name\":\"Home\",\"item\":\"https:\/\/www.abbayesaintandre.com\/\"},{\"@type\":\"ListItem\",\"position\":2,\"name\":\"Hortus Caf\u00e9, open from April to September 2025\"}]},{\"@type\":\"WebSite\",\"@id\":\"https:\/\/www.abbayesaintandre.com\/#website\",\"url\":\"https:\/\/www.abbayesaintandre.com\/\",\"name\":\"Abbaye Saint-Andr\u00e9 - Villeneuve-lez-Avignon\",\"description\":\"Jardin remarquable &amp; abbey in south of France\",\"potentialAction\":[{\"@type\":\"SearchAction\",\"target\":{\"@type\":\"EntryPoint\",\"urlTemplate\":\"https:\/\/www.abbayesaintandre.com\/?s={search_term_string}\"},\"query-input\":{\"@type\":\"PropertyValueSpecification\",\"valueRequired\":true,\"valueName\":\"search_term_string\"}}],\"inLanguage\":\"fr-FR\"},{\"@type\":\"Person\",\"@id\":\"https:\/\/www.abbayesaintandre.com\/#\/schema\/person\/e991a87bf1560b3d060bd72b37541068\",\"name\":\"Marie Viennet\",\"image\":{\"@type\":\"ImageObject\",\"inLanguage\":\"fr-FR\",\"@id\":\"https:\/\/www.abbayesaintandre.com\/#\/schema\/person\/image\/\",\"url\":\"https:\/\/secure.gravatar.com\/avatar\/84a75e018676a30e65c28807f1aa76dc211b4caff3b02db1bb1f7246c317d59e?s=96&d=mm&r=g\",\"contentUrl\":\"https:\/\/secure.gravatar.com\/avatar\/84a75e018676a30e65c28807f1aa76dc211b4caff3b02db1bb1f7246c317d59e?s=96&d=mm&r=g\",\"caption\":\"Marie Viennet\"},\"url\":\"https:\/\/www.abbayesaintandre.com\/?author=2\"}]}<\/script>\n<!-- \/ Yoast SEO plugin. -->","yoast_head_json":{"title":"Hortus Caf\u00e9, open from April to September 2025 - Abbaye Saint-Andr\u00e9 - Villeneuve-lez-Avignon","robots":{"index":"index","follow":"follow","max-snippet":"max-snippet:-1","max-image-preview":"max-image-preview:large","max-video-preview":"max-video-preview:-1"},"canonical":"https:\/\/www.abbayesaintandre.com\/?p=5730","og_locale":"fr_FR","og_type":"article","og_title":"Hortus Caf\u00e9, open from April to September 2025 - Abbaye Saint-Andr\u00e9 - Villeneuve-lez-Avignon","og_description":"Chef Alexia Buonvino offers a gourmet break under the vaulted gardens of Saint-Andr\u00e9 Abbey Set in the heart of the gardens, sheltered by the vaults, this caf\u00e9 offers a breathtaking view of the Palace of the Popes. Chef Alexia Buonvino offers a menu of fresh sweet and savoury snacks made from local produce. Visitors can also enjoy fruit juices, iced [&hellip;]","og_url":"https:\/\/www.abbayesaintandre.com\/?p=5730","og_site_name":"Abbaye Saint-Andr\u00e9 - Villeneuve-lez-Avignon","article_published_time":"2025-04-05T14:38:29+00:00","og_image":[{"width":1226,"height":813,"url":"https:\/\/www.abbayesaintandre.com\/wp-content\/uploads\/2024\/03\/HORTUS.jpg","type":"image\/jpeg"}],"author":"Marie Viennet","twitter_card":"summary_large_image","twitter_misc":{"\u00c9crit par":"Marie Viennet","Dur\u00e9e de lecture estim\u00e9e":"1 minute"},"schema":{"@context":"https:\/\/schema.org","@graph":[{"@type":"Article","@id":"https:\/\/www.abbayesaintandre.com\/?p=5730#article","isPartOf":{"@id":"https:\/\/www.abbayesaintandre.com\/?p=5730"},"author":{"name":"Marie Viennet","@id":"https:\/\/www.abbayesaintandre.com\/#\/schema\/person\/e991a87bf1560b3d060bd72b37541068"},"headline":"Hortus Caf\u00e9, open from April to September 2025","datePublished":"2025-04-05T14:38:29+00:00","mainEntityOfPage":{"@id":"https:\/\/www.abbayesaintandre.com\/?p=5730"},"wordCount":233,"commentCount":0,"image":{"@id":"https:\/\/www.abbayesaintandre.com\/?p=5730#primaryimage"},"thumbnailUrl":"https:\/\/www.abbayesaintandre.com\/wp-content\/uploads\/2024\/03\/HORTUS.jpg","articleSection":["Uncategorized"],"inLanguage":"fr-FR","potentialAction":[{"@type":"CommentAction","name":"Comment","target":["https:\/\/www.abbayesaintandre.com\/?p=5730#respond"]}]},{"@type":"WebPage","@id":"https:\/\/www.abbayesaintandre.com\/?p=5730","url":"https:\/\/www.abbayesaintandre.com\/?p=5730","name":"Hortus Caf\u00e9, open from April to September 2025 - Abbaye Saint-Andr\u00e9 - Villeneuve-lez-Avignon","isPartOf":{"@id":"https:\/\/www.abbayesaintandre.com\/#website"},"primaryImageOfPage":{"@id":"https:\/\/www.abbayesaintandre.com\/?p=5730#primaryimage"},"image":{"@id":"https:\/\/www.abbayesaintandre.com\/?p=5730#primaryimage"},"thumbnailUrl":"https:\/\/www.abbayesaintandre.com\/wp-content\/uploads\/2024\/03\/HORTUS.jpg","datePublished":"2025-04-05T14:38:29+00:00","author":{"@id":"https:\/\/www.abbayesaintandre.com\/#\/schema\/person\/e991a87bf1560b3d060bd72b37541068"},"breadcrumb":{"@id":"https:\/\/www.abbayesaintandre.com\/?p=5730#breadcrumb"},"inLanguage":"fr-FR","potentialAction":[{"@type":"ReadAction","target":["https:\/\/www.abbayesaintandre.com\/?p=5730"]}]},{"@type":"ImageObject","inLanguage":"fr-FR","@id":"https:\/\/www.abbayesaintandre.com\/?p=5730#primaryimage","url":"https:\/\/www.abbayesaintandre.com\/wp-content\/uploads\/2024\/03\/HORTUS.jpg","contentUrl":"https:\/\/www.abbayesaintandre.com\/wp-content\/uploads\/2024\/03\/HORTUS.jpg","width":1226,"height":813},{"@type":"BreadcrumbList","@id":"https:\/\/www.abbayesaintandre.com\/?p=5730#breadcrumb","itemListElement":[{"@type":"ListItem","position":1,"name":"Home","item":"https:\/\/www.abbayesaintandre.com\/"},{"@type":"ListItem","position":2,"name":"Hortus Caf\u00e9, open from April to September 2025"}]},{"@type":"WebSite","@id":"https:\/\/www.abbayesaintandre.com\/#website","url":"https:\/\/www.abbayesaintandre.com\/","name":"Abbaye Saint-Andr\u00e9 - Villeneuve-lez-Avignon","description":"Jardin remarquable &amp; abbey in south of France","potentialAction":[{"@type":"SearchAction","target":{"@type":"EntryPoint","urlTemplate":"https:\/\/www.abbayesaintandre.com\/?s={search_term_string}"},"query-input":{"@type":"PropertyValueSpecification","valueRequired":true,"valueName":"search_term_string"}}],"inLanguage":"fr-FR"},{"@type":"Person","@id":"https:\/\/www.abbayesaintandre.com\/#\/schema\/person\/e991a87bf1560b3d060bd72b37541068","name":"Marie Viennet","image":{"@type":"ImageObject","inLanguage":"fr-FR","@id":"https:\/\/www.abbayesaintandre.com\/#\/schema\/person\/image\/","url":"https:\/\/secure.gravatar.com\/avatar\/84a75e018676a30e65c28807f1aa76dc211b4caff3b02db1bb1f7246c317d59e?s=96&d=mm&r=g","contentUrl":"https:\/\/secure.gravatar.com\/avatar\/84a75e018676a30e65c28807f1aa76dc211b4caff3b02db1bb1f7246c317d59e?s=96&d=mm&r=g","caption":"Marie Viennet"},"url":"https:\/\/www.abbayesaintandre.com\/?author=2"}]}},"_links":{"self":[{"href":"https:\/\/www.abbayesaintandre.com\/index.php?rest_route=\/wp\/v2\/posts\/5730","targetHints":{"allow":["GET"]}}],"collection":[{"href":"https:\/\/www.abbayesaintandre.com\/index.php?rest_route=\/wp\/v2\/posts"}],"about":[{"href":"https:\/\/www.abbayesaintandre.com\/index.php?rest_route=\/wp\/v2\/types\/post"}],"author":[{"embeddable":true,"href":"https:\/\/www.abbayesaintandre.com\/index.php?rest_route=\/wp\/v2\/users\/2"}],"replies":[{"embeddable":true,"href":"https:\/\/www.abbayesaintandre.com\/index.php?rest_route=%2Fwp%2Fv2%2Fcomments&post=5730"}],"version-history":[{"count":1,"href":"https:\/\/www.abbayesaintandre.com\/index.php?rest_route=\/wp\/v2\/posts\/5730\/revisions"}],"predecessor-version":[{"id":5731,"href":"https:\/\/www.abbayesaintandre.com\/index.php?rest_route=\/wp\/v2\/posts\/5730\/revisions\/5731"}],"wp:featuredmedia":[{"embeddable":true,"href":"https:\/\/www.abbayesaintandre.com\/index.php?rest_route=\/wp\/v2\/media\/5709"}],"wp:attachment":[{"href":"https:\/\/www.abbayesaintandre.com\/index.php?rest_route=%2Fwp%2Fv2%2Fmedia&parent=5730"}],"wp:term":[{"taxonomy":"category","embeddable":true,"href":"https:\/\/www.abbayesaintandre.com\/index.php?rest_route=%2Fwp%2Fv2%2Fcategories&post=5730"},{"taxonomy":"post_tag","embeddable":true,"href":"https:\/\/www.abbayesaintandre.com\/index.php?rest_route=%2Fwp%2Fv2%2Ftags&post=5730"}],"curies":[{"name":"wp","href":"https:\/\/api.w.org\/{rel}","templated":true}]}}